{"id":29402,"date":"2024-10-28T19:21:03","date_gmt":"2024-10-28T22:21:03","guid":{"rendered":"https:\/\/radiostudiow.com.br\/site\/?p=29402"},"modified":"2025-01-31T14:58:17","modified_gmt":"2025-01-31T17:58:17","slug":"pm-de-uniao-da-vitoria-recupera-veiculo-furtado","status":"publish","type":"post","link":"https:\/\/radiostudiow.com.br\/site\/2024\/10\/28\/pm-de-uniao-da-vitoria-recupera-veiculo-furtado\/","title":{"rendered":"PM de Uni\u00e3o da Vit\u00f3ria recupera ve\u00edculo furtado"},"content":{"rendered":"\n<p>A equipe da Pol\u00edcia Militar de Uni\u00e3o da Vit\u00f3ria estava em patrulhamento pela Avenida Jo\u00e3o Reolon, pr\u00f3ximo ao trevo, quando avistou e abordou um ve\u00edculo Renault Clio por volta das 16:48 horas desse s\u00e1bado (26).<\/p>\n\n\n\n<figure class=\"wp-block-image size-full\"><img loading=\"lazy\" decoding=\"async\" width=\"900\" height=\"408\" src=\"https:\/\/radiostudiow.com.br\/site\/wp-content\/uploads\/2024\/09\/image-64-1.png\" alt=\"\" class=\"wp-image-28207\" srcset=\"https:\/\/radiostudiow.com.br\/site\/wp-content\/uploads\/2024\/09\/image-64-1.png 900w, https:\/\/radiostudiow.com.br\/site\/wp-content\/uploads\/2024\/09\/image-64-1-300x136.png 300w, https:\/\/radiostudiow.com.br\/site\/wp-content\/uploads\/2024\/09\/image-64-1-768x348.png 768w\" sizes=\"auto, (max-width: 900px) 100vw, 900px\" \/><\/figure>\n\n\n\n<p>Com ocupantes, nada de il\u00edcita foi localizado. Ap\u00f3s consulta no sistema de investiga\u00e7\u00e3o, o ve\u00edculo apresentava alerta de furto do munic\u00edpio de Piraquara\/PR, na data de 04\/10\/2024.<\/p>\n\n\n\n<p>Diante da situa\u00e7\u00e3o o condutor e o ve\u00edculo foram conduzidos e entregues na 4\u00aa SDP.<\/p>\n","protected":false},"excerpt":{"rendered":"<p>A equipe da Pol\u00edcia Militar de Uni\u00e3o da Vit\u00f3ria estava em patrulhamento pela Avenida Jo\u00e3o Reolon, pr\u00f3ximo ao trevo, quando avistou e abordou um ve\u00edculo Renault Clio por volta das 16:48 horas desse s\u00e1bado (26). Com ocupantes, nada de il\u00edcita foi localizado. Ap\u00f3s consulta no sistema de investiga\u00e7\u00e3o, o ve\u00edculo apresentava alerta de furto do [&hellip;]<\/p>\n","protected":false},"author":2,"featured_media":29404,"comment_status":"open","ping_status":"open","sticky":false,"template":"","format":"standard","meta":{"footnotes":""},"categories":[2],"tags":[172],"class_list":["post-29402","post","type-post","status-publish","format-standard","has-post-thumbnail","hentry","category-policial","tag-featured"],"amp_enabled":true,"_links":{"self":[{"href":"https:\/\/radiostudiow.com.br\/site\/wp-json\/wp\/v2\/posts\/29402","targetHints":{"allow":["GET"]}}],"collection":[{"href":"https:\/\/radiostudiow.com.br\/site\/wp-json\/wp\/v2\/posts"}],"about":[{"href":"https:\/\/radiostudiow.com.br\/site\/wp-json\/wp\/v2\/types\/post"}],"author":[{"embeddable":true,"href":"https:\/\/radiostudiow.com.br\/site\/wp-json\/wp\/v2\/users\/2"}],"replies":[{"embeddable":true,"href":"https:\/\/radiostudiow.com.br\/site\/wp-json\/wp\/v2\/comments?post=29402"}],"version-history":[{"count":2,"href":"https:\/\/radiostudiow.com.br\/site\/wp-json\/wp\/v2\/posts\/29402\/revisions"}],"predecessor-version":[{"id":29439,"href":"https:\/\/radiostudiow.com.br\/site\/wp-json\/wp\/v2\/posts\/29402\/revisions\/29439"}],"wp:featuredmedia":[{"embeddable":true,"href":"https:\/\/radiostudiow.com.br\/site\/wp-json\/wp\/v2\/media\/29404"}],"wp:attachment":[{"href":"https:\/\/radiostudiow.com.br\/site\/wp-json\/wp\/v2\/media?parent=29402"}],"wp:term":[{"taxonomy":"category","embeddable":true,"href":"https:\/\/radiostudiow.com.br\/site\/wp-json\/wp\/v2\/categories?post=29402"},{"taxonomy":"post_tag","embeddable":true,"href":"https:\/\/radiostudiow.com.br\/site\/wp-json\/wp\/v2\/tags?post=29402"}],"curies":[{"name":"wp","href":"https:\/\/api.w.org\/{rel}","templated":true}]}}