{"id":29405,"date":"2024-10-28T19:03:21","date_gmt":"2024-10-28T22:03:21","guid":{"rendered":"https:\/\/radiostudiow.com.br\/site\/?p=29405"},"modified":"2025-01-31T14:58:17","modified_gmt":"2025-01-31T17:58:17","slug":"suspeito-do-homicidio-em-sao-mateus-do-sul-e-preso-pela-policia-militar","status":"publish","type":"post","link":"https:\/\/radiostudiow.com.br\/site\/2024\/10\/28\/suspeito-do-homicidio-em-sao-mateus-do-sul-e-preso-pela-policia-militar\/","title":{"rendered":"Suspeito do homic\u00eddio em S\u00e3o Mateus do Sul \u00e9 preso pela Policia Militar"},"content":{"rendered":"\n<p>O suspeito pela morte de\u00a0<strong>Alex Sandro Silva Gomes, de 41 ano<\/strong>s, foi preso nesta segunda-feira (28), em S\u00e3o Mateus do Sul. O crime aconteceu na sexta-feira (25), em que a v\u00edtima foi alvejada em uma barbearia na Rua Hezir Leal Hultman, na Vila Verde.<\/p>\n\n\n\n<figure class=\"wp-block-image size-full\"><img loading=\"lazy\" decoding=\"async\" width=\"897\" height=\"204\" src=\"https:\/\/radiostudiow.com.br\/site\/wp-content\/uploads\/2024\/08\/TIJOLAO.png\" alt=\"\" class=\"wp-image-25951\" srcset=\"https:\/\/radiostudiow.com.br\/site\/wp-content\/uploads\/2024\/08\/TIJOLAO.png 897w, https:\/\/radiostudiow.com.br\/site\/wp-content\/uploads\/2024\/08\/TIJOLAO-300x68.png 300w, https:\/\/radiostudiow.com.br\/site\/wp-content\/uploads\/2024\/08\/TIJOLAO-768x175.png 768w\" sizes=\"auto, (max-width: 897px) 100vw, 897px\" \/><\/figure>\n\n\n\n<p>Para a pris\u00e3o do principal suspeito, a equipe policial recebeu a informa\u00e7\u00e3o de que ele estaria no escrit\u00f3rio de seu advogado. Ao chegarem no local, os policiais efetuaram a pris\u00e3o do suspeito.<\/p>\n\n\n\n<p>O suspeito e seu advogado foram encaminhados \u00e0 delegacia para os procedimentos legais cab\u00edveis. At\u00e9 o momento o delegado-chefe, Vin\u00edcius Fernandes, n\u00e3o se manifestou sobre o caso e qual seria a motiva\u00e7\u00e3o do crime. A equipe segue em oitivas.<\/p>\n\n\n\n<p><em>Fonte: Portal RDX<\/em><\/p>\n","protected":false},"excerpt":{"rendered":"<p>O suspeito pela morte de\u00a0Alex Sandro Silva Gomes, de 41 anos, foi preso nesta segunda-feira (28), em S\u00e3o Mateus do Sul. O crime aconteceu na sexta-feira (25), em que a v\u00edtima foi alvejada em uma barbearia na Rua Hezir Leal Hultman, na Vila Verde. Para a pris\u00e3o do principal suspeito, a equipe policial recebeu a [&hellip;]<\/p>\n","protected":false},"author":2,"featured_media":29433,"comment_status":"open","ping_status":"open","sticky":false,"template":"","format":"standard","meta":{"footnotes":""},"categories":[2],"tags":[172],"class_list":["post-29405","post","type-post","status-publish","format-standard","has-post-thumbnail","hentry","category-policial","tag-featured"],"amp_enabled":true,"_links":{"self":[{"href":"https:\/\/radiostudiow.com.br\/site\/wp-json\/wp\/v2\/posts\/29405","targetHints":{"allow":["GET"]}}],"collection":[{"href":"https:\/\/radiostudiow.com.br\/site\/wp-json\/wp\/v2\/posts"}],"about":[{"href":"https:\/\/radiostudiow.com.br\/site\/wp-json\/wp\/v2\/types\/post"}],"author":[{"embeddable":true,"href":"https:\/\/radiostudiow.com.br\/site\/wp-json\/wp\/v2\/users\/2"}],"replies":[{"embeddable":true,"href":"https:\/\/radiostudiow.com.br\/site\/wp-json\/wp\/v2\/comments?post=29405"}],"version-history":[{"count":5,"href":"https:\/\/radiostudiow.com.br\/site\/wp-json\/wp\/v2\/posts\/29405\/revisions"}],"predecessor-version":[{"id":29436,"href":"https:\/\/radiostudiow.com.br\/site\/wp-json\/wp\/v2\/posts\/29405\/revisions\/29436"}],"wp:featuredmedia":[{"embeddable":true,"href":"https:\/\/radiostudiow.com.br\/site\/wp-json\/wp\/v2\/media\/29433"}],"wp:attachment":[{"href":"https:\/\/radiostudiow.com.br\/site\/wp-json\/wp\/v2\/media?parent=29405"}],"wp:term":[{"taxonomy":"category","embeddable":true,"href":"https:\/\/radiostudiow.com.br\/site\/wp-json\/wp\/v2\/categories?post=29405"},{"taxonomy":"post_tag","embeddable":true,"href":"https:\/\/radiostudiow.com.br\/site\/wp-json\/wp\/v2\/tags?post=29405"}],"curies":[{"name":"wp","href":"https:\/\/api.w.org\/{rel}","templated":true}]}}