{"id":29407,"date":"2024-10-28T21:03:47","date_gmt":"2024-10-29T00:03:47","guid":{"rendered":"https:\/\/radiostudiow.com.br\/site\/?p=29407"},"modified":"2025-01-31T14:58:17","modified_gmt":"2025-01-31T17:58:17","slug":"morador-de-mallet-e-autuado-no-valor-de-r-30-00000-por-desmatamento","status":"publish","type":"post","link":"https:\/\/radiostudiow.com.br\/site\/2024\/10\/28\/morador-de-mallet-e-autuado-no-valor-de-r-30-00000-por-desmatamento\/","title":{"rendered":"Morador de Mallet \u00e9 autuado no valor de R$ 30.000,00 por desmatamento"},"content":{"rendered":"\n<p>A equipe da Pol\u00edcia Ambiental constatou desmatamento em uma propriedade rural na localidade de Linha Esperan\u00e7a, Vicinal Dois, no munic\u00edpio de Mallet. A situa\u00e7\u00e3o foi registrada no s\u00e1bado (26).<\/p>\n\n\n\n<figure class=\"wp-block-image size-full\"><img decoding=\"async\" src=\"https:\/\/radiostudiow.com.br\/site\/wp-content\/uploads\/2024\/04\/image-47.png\" alt=\"\" class=\"wp-image-21404\"\/><\/figure>\n\n\n\n<p>De acordo com o relat\u00f3ria policial, o dano em vegeta\u00e7\u00e3o nativa mediante abertura de valetas para secar \u00e1rea \u00famida (banhado), atingindo uma \u00e1rea de 3,87 hectares.<\/p>\n\n\n\n<p>Devido o propriet\u00e1rio n\u00e3o possuir autoriza\u00e7\u00e3o ambiental, foi autuado no valor de R$ 30.000,00 e responder\u00e1 criminalmente pelos danos.<\/p>\n\n\n\n<figure class=\"wp-block-gallery has-nested-images columns-default is-cropped wp-block-gallery-1 is-layout-flex wp-block-gallery-is-layout-flex\">\n<figure class=\"wp-block-image size-large\"><img loading=\"lazy\" decoding=\"async\" width=\"1024\" height=\"641\" data-id=\"29410\" src=\"https:\/\/radiostudiow.com.br\/site\/wp-content\/uploads\/2024\/10\/33d7ebac-2fa9-43ea-9173-b98f84852535-1024x641.jpeg\" alt=\"\" class=\"wp-image-29410\" srcset=\"https:\/\/radiostudiow.com.br\/site\/wp-content\/uploads\/2024\/10\/33d7ebac-2fa9-43ea-9173-b98f84852535-1024x641.jpeg 1024w, https:\/\/radiostudiow.com.br\/site\/wp-content\/uploads\/2024\/10\/33d7ebac-2fa9-43ea-9173-b98f84852535-300x188.jpeg 300w, https:\/\/radiostudiow.com.br\/site\/wp-content\/uploads\/2024\/10\/33d7ebac-2fa9-43ea-9173-b98f84852535-768x480.jpeg 768w, https:\/\/radiostudiow.com.br\/site\/wp-content\/uploads\/2024\/10\/33d7ebac-2fa9-43ea-9173-b98f84852535-1536x961.jpeg 1536w, https:\/\/radiostudiow.com.br\/site\/wp-content\/uploads\/2024\/10\/33d7ebac-2fa9-43ea-9173-b98f84852535.jpeg 1600w\" sizes=\"auto, (max-width: 1024px) 100vw, 1024px\" \/><\/figure>\n\n\n\n<figure class=\"wp-block-image size-large\"><img loading=\"lazy\" decoding=\"async\" width=\"881\" height=\"1024\" data-id=\"29411\" src=\"https:\/\/radiostudiow.com.br\/site\/wp-content\/uploads\/2024\/10\/074b0905-429a-4cac-a206-c7643e3a3c01-881x1024.jpeg\" alt=\"\" class=\"wp-image-29411\" srcset=\"https:\/\/radiostudiow.com.br\/site\/wp-content\/uploads\/2024\/10\/074b0905-429a-4cac-a206-c7643e3a3c01-881x1024.jpeg 881w, https:\/\/radiostudiow.com.br\/site\/wp-content\/uploads\/2024\/10\/074b0905-429a-4cac-a206-c7643e3a3c01-258x300.jpeg 258w, https:\/\/radiostudiow.com.br\/site\/wp-content\/uploads\/2024\/10\/074b0905-429a-4cac-a206-c7643e3a3c01-768x893.jpeg 768w, https:\/\/radiostudiow.com.br\/site\/wp-content\/uploads\/2024\/10\/074b0905-429a-4cac-a206-c7643e3a3c01.jpeg 1200w\" sizes=\"auto, (max-width: 881px) 100vw, 881px\" \/><\/figure>\n<\/figure>\n","protected":false},"excerpt":{"rendered":"<p>A equipe da Pol\u00edcia Ambiental constatou desmatamento em uma propriedade rural na localidade de Linha Esperan\u00e7a, Vicinal Dois, no munic\u00edpio de Mallet. A situa\u00e7\u00e3o foi registrada no s\u00e1bado (26). De acordo com o relat\u00f3ria policial, o dano em vegeta\u00e7\u00e3o nativa mediante abertura de valetas para secar \u00e1rea \u00famida (banhado), atingindo uma \u00e1rea de 3,87 hectares. [&hellip;]<\/p>\n","protected":false},"author":2,"featured_media":29409,"comment_status":"open","ping_status":"open","sticky":false,"template":"","format":"standard","meta":{"footnotes":""},"categories":[2],"tags":[172],"class_list":["post-29407","post","type-post","status-publish","format-standard","has-post-thumbnail","hentry","category-policial","tag-featured"],"amp_enabled":true,"_links":{"self":[{"href":"https:\/\/radiostudiow.com.br\/site\/wp-json\/wp\/v2\/posts\/29407","targetHints":{"allow":["GET"]}}],"collection":[{"href":"https:\/\/radiostudiow.com.br\/site\/wp-json\/wp\/v2\/posts"}],"about":[{"href":"https:\/\/radiostudiow.com.br\/site\/wp-json\/wp\/v2\/types\/post"}],"author":[{"embeddable":true,"href":"https:\/\/radiostudiow.com.br\/site\/wp-json\/wp\/v2\/users\/2"}],"replies":[{"embeddable":true,"href":"https:\/\/radiostudiow.com.br\/site\/wp-json\/wp\/v2\/comments?post=29407"}],"version-history":[{"count":2,"href":"https:\/\/radiostudiow.com.br\/site\/wp-json\/wp\/v2\/posts\/29407\/revisions"}],"predecessor-version":[{"id":29412,"href":"https:\/\/radiostudiow.com.br\/site\/wp-json\/wp\/v2\/posts\/29407\/revisions\/29412"}],"wp:featuredmedia":[{"embeddable":true,"href":"https:\/\/radiostudiow.com.br\/site\/wp-json\/wp\/v2\/media\/29409"}],"wp:attachment":[{"href":"https:\/\/radiostudiow.com.br\/site\/wp-json\/wp\/v2\/media?parent=29407"}],"wp:term":[{"taxonomy":"category","embeddable":true,"href":"https:\/\/radiostudiow.com.br\/site\/wp-json\/wp\/v2\/categories?post=29407"},{"taxonomy":"post_tag","embeddable":true,"href":"https:\/\/radiostudiow.com.br\/site\/wp-json\/wp\/v2\/tags?post=29407"}],"curies":[{"name":"wp","href":"https:\/\/api.w.org\/{rel}","templated":true}]}}