{"id":29428,"date":"2024-10-28T19:02:06","date_gmt":"2024-10-28T22:02:06","guid":{"rendered":"https:\/\/radiostudiow.com.br\/site\/?p=29428"},"modified":"2025-01-31T14:58:17","modified_gmt":"2025-01-31T17:58:17","slug":"colisao-entre-carro-e-caminhao-deixa-mulher-ferida","status":"publish","type":"post","link":"https:\/\/radiostudiow.com.br\/site\/2024\/10\/28\/colisao-entre-carro-e-caminhao-deixa-mulher-ferida\/","title":{"rendered":"Colis\u00e3o entre carro e caminh\u00e3o deixa mulher ferida"},"content":{"rendered":"\n<p>Um acidente de tr\u00e2nsito ocorreu na Rua Dirceu Berton, pr\u00f3ximo ao Posto da Cidasc, na \u00c1rea Industrial de Porto Uni\u00e3o por volta das 20:12 horas desse domingo (27). Os Bombeiros foram acionadas para atender a ocorr\u00eancia.<\/p>\n\n\n\n<p>No local, foi confirmada a colis\u00e3o entre uma carreta parada, carregada com tora de pinus, e um Ford\/Ka.<\/p>\n\n\n\n<figure class=\"wp-block-image size-full\"><img loading=\"lazy\" decoding=\"async\" width=\"897\" height=\"204\" src=\"https:\/\/radiostudiow.com.br\/site\/wp-content\/uploads\/2024\/04\/image-37.png\" alt=\"\" class=\"wp-image-21305\" srcset=\"https:\/\/radiostudiow.com.br\/site\/wp-content\/uploads\/2024\/04\/image-37.png 897w, https:\/\/radiostudiow.com.br\/site\/wp-content\/uploads\/2024\/04\/image-37-300x68.png 300w, https:\/\/radiostudiow.com.br\/site\/wp-content\/uploads\/2024\/04\/image-37-768x175.png 768w\" sizes=\"auto, (max-width: 897px) 100vw, 897px\" \/><\/figure>\n\n\n\n<p>A condutora do Ford Ka, uma mulher de 33 anos, colidiu na lateral traseira da carreta. Ela foi encontrada fora do ve\u00edculo, consciente, mas confusa, apresentando ferimentos na regi\u00e3o frontal da cabe\u00e7a e queixas de dor no t\u00f3rax.<\/p>\n\n\n\n<p>Ap\u00f3s os procedimentos de estabiliza\u00e7\u00e3o e imobiliza\u00e7\u00e3o, a v\u00edtima foi encaminhada ao Hospital S\u00e3o Braz para receber atendimento m\u00e9dico.<\/p>\n\n\n\n<p>A Pol\u00edcia Militar de Porto Uni\u00e3o ficou respons\u00e1vel pela seguran\u00e7a da \u00e1rea e pela investiga\u00e7\u00e3o das circunst\u00e2ncias do acidente.<\/p>\n\n\n\n<figure class=\"wp-block-image size-full\"><img loading=\"lazy\" decoding=\"async\" width=\"720\" height=\"324\" src=\"https:\/\/radiostudiow.com.br\/site\/wp-content\/uploads\/2024\/10\/image-65.png\" alt=\"\" class=\"wp-image-29429\" srcset=\"https:\/\/radiostudiow.com.br\/site\/wp-content\/uploads\/2024\/10\/image-65.png 720w, https:\/\/radiostudiow.com.br\/site\/wp-content\/uploads\/2024\/10\/image-65-300x135.png 300w\" sizes=\"auto, (max-width: 720px) 100vw, 720px\" \/><\/figure>\n","protected":false},"excerpt":{"rendered":"<p>Um acidente de tr\u00e2nsito ocorreu na Rua Dirceu Berton, pr\u00f3ximo ao Posto da Cidasc, na \u00c1rea Industrial de Porto Uni\u00e3o por volta das 20:12 horas desse domingo (27). Os Bombeiros foram acionadas para atender a ocorr\u00eancia. No local, foi confirmada a colis\u00e3o entre uma carreta parada, carregada com tora de pinus, e um Ford\/Ka. A [&hellip;]<\/p>\n","protected":false},"author":2,"featured_media":29430,"comment_status":"open","ping_status":"open","sticky":false,"template":"","format":"standard","meta":{"footnotes":""},"categories":[185],"tags":[172],"class_list":["post-29428","post","type-post","status-publish","format-standard","has-post-thumbnail","hentry","category-regional","tag-featured"],"amp_enabled":true,"_links":{"self":[{"href":"https:\/\/radiostudiow.com.br\/site\/wp-json\/wp\/v2\/posts\/29428","targetHints":{"allow":["GET"]}}],"collection":[{"href":"https:\/\/radiostudiow.com.br\/site\/wp-json\/wp\/v2\/posts"}],"about":[{"href":"https:\/\/radiostudiow.com.br\/site\/wp-json\/wp\/v2\/types\/post"}],"author":[{"embeddable":true,"href":"https:\/\/radiostudiow.com.br\/site\/wp-json\/wp\/v2\/users\/2"}],"replies":[{"embeddable":true,"href":"https:\/\/radiostudiow.com.br\/site\/wp-json\/wp\/v2\/comments?post=29428"}],"version-history":[{"count":1,"href":"https:\/\/radiostudiow.com.br\/site\/wp-json\/wp\/v2\/posts\/29428\/revisions"}],"predecessor-version":[{"id":29431,"href":"https:\/\/radiostudiow.com.br\/site\/wp-json\/wp\/v2\/posts\/29428\/revisions\/29431"}],"wp:featuredmedia":[{"embeddable":true,"href":"https:\/\/radiostudiow.com.br\/site\/wp-json\/wp\/v2\/media\/29430"}],"wp:attachment":[{"href":"https:\/\/radiostudiow.com.br\/site\/wp-json\/wp\/v2\/media?parent=29428"}],"wp:term":[{"taxonomy":"category","embeddable":true,"href":"https:\/\/radiostudiow.com.br\/site\/wp-json\/wp\/v2\/categories?post=29428"},{"taxonomy":"post_tag","embeddable":true,"href":"https:\/\/radiostudiow.com.br\/site\/wp-json\/wp\/v2\/tags?post=29428"}],"curies":[{"name":"wp","href":"https:\/\/api.w.org\/{rel}","templated":true}]}}