{"id":29443,"date":"2024-10-28T21:00:07","date_gmt":"2024-10-29T00:00:07","guid":{"rendered":"https:\/\/radiostudiow.com.br\/site\/?p=29443"},"modified":"2025-01-31T14:58:17","modified_gmt":"2025-01-31T17:58:17","slug":"alunos-da-escola-santa-terezinha-vivenciam-processo-eleitoral-com-uso-de-ferramentas-digitais","status":"publish","type":"post","link":"https:\/\/radiostudiow.com.br\/site\/2024\/10\/28\/alunos-da-escola-santa-terezinha-vivenciam-processo-eleitoral-com-uso-de-ferramentas-digitais\/","title":{"rendered":"Alunos da Escola Santa Terezinha vivenciam processo eleitoral com uso de ferramentas digitais"},"content":{"rendered":"\n<p>A Escola Municipal Santa Terezinha, de Mallet, desenvolveu como proposta do m\u00eas de outubro uma atividade criativa e interessante, ligada diretamente ao uso de tecnologia em sala de aula.<\/p>\n\n\n\n<p>Os alunos do 3\u00ba ano, sob a orienta\u00e7\u00e3o da professora Cl\u00e9ia Scheliga Rodrigues, e os discentes do 5\u00ba ano, com a professora Juliane Scotnicci, mergulharam no processo eleitoral ao lan\u00e7arem seus candidatos e propostas para a escola.<\/p>\n\n\n\n<figure class=\"wp-block-image size-large\"><img decoding=\"async\" src=\"https:\/\/radiostudiow.com.br\/site\/wp-content\/uploads\/2024\/10\/zm_0002_24AG_anuncio_261x83mm-1024x359.png\" alt=\"\" class=\"wp-image-28224\"\/><\/figure>\n\n\n\n<p>Com uma elei\u00e7\u00e3o onde todos puderam votar utilizando-se do aplicativo e a\u00e7\u00e3o sugerida no curso do Educa Juntos, no qual as atividades propostas sugerem o manuseio da urna eletr\u00f4nica e demais componentes\/artefatos que s\u00e3o utilizados no processo eleitoral (t\u00edtulo de eleitor, cartazes e c\u00e9dulas dos candidatos), os alunos experimentaram na pr\u00e1tica a democracia e a import\u00e2ncia de escolher representantes.<\/p>\n\n\n\n<p>Esse projeto n\u00e3o s\u00f3 explicou como funciona uma elei\u00e7\u00e3o, mas tamb\u00e9m destacou o papel essencial que cada cidad\u00e3o desempenha na constru\u00e7\u00e3o de uma sociedade mais justa e participativa.<\/p>\n\n\n\n<figure class=\"wp-block-gallery has-nested-images columns-default is-cropped wp-block-gallery-1 is-layout-flex wp-block-gallery-is-layout-flex\">\n<figure class=\"wp-block-image size-large\"><img loading=\"lazy\" decoding=\"async\" width=\"1024\" height=\"576\" data-id=\"29447\" src=\"https:\/\/radiostudiow.com.br\/site\/wp-content\/uploads\/2024\/10\/03-7-1024x576.jpeg\" alt=\"\" class=\"wp-image-29447\" srcset=\"https:\/\/radiostudiow.com.br\/site\/wp-content\/uploads\/2024\/10\/03-7-1024x576.jpeg 1024w, https:\/\/radiostudiow.com.br\/site\/wp-content\/uploads\/2024\/10\/03-7-300x169.jpeg 300w, https:\/\/radiostudiow.com.br\/site\/wp-content\/uploads\/2024\/10\/03-7-768x432.jpeg 768w, https:\/\/radiostudiow.com.br\/site\/wp-content\/uploads\/2024\/10\/03-7-1536x864.jpeg 1536w, https:\/\/radiostudiow.com.br\/site\/wp-content\/uploads\/2024\/10\/03-7.jpeg 1600w\" sizes=\"auto, (max-width: 1024px) 100vw, 1024px\" \/><\/figure>\n\n\n\n<figure class=\"wp-block-image size-large\"><img loading=\"lazy\" decoding=\"async\" width=\"1024\" height=\"576\" data-id=\"29445\" src=\"https:\/\/radiostudiow.com.br\/site\/wp-content\/uploads\/2024\/10\/02-6-1024x576.jpeg\" alt=\"\" class=\"wp-image-29445\" srcset=\"https:\/\/radiostudiow.com.br\/site\/wp-content\/uploads\/2024\/10\/02-6-1024x576.jpeg 1024w, https:\/\/radiostudiow.com.br\/site\/wp-content\/uploads\/2024\/10\/02-6-300x169.jpeg 300w, https:\/\/radiostudiow.com.br\/site\/wp-content\/uploads\/2024\/10\/02-6-768x432.jpeg 768w, https:\/\/radiostudiow.com.br\/site\/wp-content\/uploads\/2024\/10\/02-6-1536x864.jpeg 1536w, https:\/\/radiostudiow.com.br\/site\/wp-content\/uploads\/2024\/10\/02-6.jpeg 1600w\" sizes=\"auto, (max-width: 1024px) 100vw, 1024px\" \/><\/figure>\n<\/figure>\n","protected":false},"excerpt":{"rendered":"<p>A Escola Municipal Santa Terezinha, de Mallet, desenvolveu como proposta do m\u00eas de outubro uma atividade criativa e interessante, ligada diretamente ao uso de tecnologia em sala de aula. Os alunos do 3\u00ba ano, sob a orienta\u00e7\u00e3o da professora Cl\u00e9ia Scheliga Rodrigues, e os discentes do 5\u00ba ano, com a professora Juliane Scotnicci, mergulharam no [&hellip;]<\/p>\n","protected":false},"author":2,"featured_media":29446,"comment_status":"open","ping_status":"open","sticky":false,"template":"","format":"standard","meta":{"footnotes":""},"categories":[184],"tags":[172],"class_list":["post-29443","post","type-post","status-publish","format-standard","has-post-thumbnail","hentry","category-local","tag-featured"],"amp_enabled":true,"_links":{"self":[{"href":"https:\/\/radiostudiow.com.br\/site\/wp-json\/wp\/v2\/posts\/29443","targetHints":{"allow":["GET"]}}],"collection":[{"href":"https:\/\/radiostudiow.com.br\/site\/wp-json\/wp\/v2\/posts"}],"about":[{"href":"https:\/\/radiostudiow.com.br\/site\/wp-json\/wp\/v2\/types\/post"}],"author":[{"embeddable":true,"href":"https:\/\/radiostudiow.com.br\/site\/wp-json\/wp\/v2\/users\/2"}],"replies":[{"embeddable":true,"href":"https:\/\/radiostudiow.com.br\/site\/wp-json\/wp\/v2\/comments?post=29443"}],"version-history":[{"count":2,"href":"https:\/\/radiostudiow.com.br\/site\/wp-json\/wp\/v2\/posts\/29443\/revisions"}],"predecessor-version":[{"id":29448,"href":"https:\/\/radiostudiow.com.br\/site\/wp-json\/wp\/v2\/posts\/29443\/revisions\/29448"}],"wp:featuredmedia":[{"embeddable":true,"href":"https:\/\/radiostudiow.com.br\/site\/wp-json\/wp\/v2\/media\/29446"}],"wp:attachment":[{"href":"https:\/\/radiostudiow.com.br\/site\/wp-json\/wp\/v2\/media?parent=29443"}],"wp:term":[{"taxonomy":"category","embeddable":true,"href":"https:\/\/radiostudiow.com.br\/site\/wp-json\/wp\/v2\/categories?post=29443"},{"taxonomy":"post_tag","embeddable":true,"href":"https:\/\/radiostudiow.com.br\/site\/wp-json\/wp\/v2\/tags?post=29443"}],"curies":[{"name":"wp","href":"https:\/\/api.w.org\/{rel}","templated":true}]}}