{"id":29469,"date":"2024-10-29T10:45:04","date_gmt":"2024-10-29T13:45:04","guid":{"rendered":"https:\/\/radiostudiow.com.br\/site\/?p=29469"},"modified":"2025-01-31T14:58:17","modified_gmt":"2025-01-31T17:58:17","slug":"em-um-mes-casos-de-coqueluche-aumentaram-86-no-parana-e-chegam-a-mil-confirmacoes","status":"publish","type":"post","link":"https:\/\/radiostudiow.com.br\/site\/2024\/10\/29\/em-um-mes-casos-de-coqueluche-aumentaram-86-no-parana-e-chegam-a-mil-confirmacoes\/","title":{"rendered":"Em um m\u00eas, casos de coqueluche aumentaram 86% no Paran\u00e1 e chegam a mil confirma\u00e7\u00f5es"},"content":{"rendered":"\n<p>O n\u00famero de casos confirmados de coqueluche subiu 86% nos \u00faltimos trinta dias no Paran\u00e1, passando de 537 para 1.000. Crian\u00e7as e adolescentes s\u00e3o os grupos mais afetados pela doen\u00e7a. Se comparado a julho, o aumento foi de 880%, quando o Estado contabilizava 102 casos. Os dados divulgados pela Secretaria de Estado da Sa\u00fade (Sesa) refor\u00e7am a necessidade do cuidado e da preven\u00e7\u00e3o, com a vacina\u00e7\u00e3o.<\/p>\n\n\n\n<figure class=\"wp-block-image size-full\"><img loading=\"lazy\" decoding=\"async\" width=\"598\" height=\"204\" src=\"https:\/\/radiostudiow.com.br\/site\/wp-content\/uploads\/2024\/10\/labirati.png\" alt=\"\" class=\"wp-image-28854\" srcset=\"https:\/\/radiostudiow.com.br\/site\/wp-content\/uploads\/2024\/10\/labirati.png 598w, https:\/\/radiostudiow.com.br\/site\/wp-content\/uploads\/2024\/10\/labirati-300x102.png 300w\" sizes=\"auto, (max-width: 598px) 100vw, 598px\" \/><\/figure>\n\n\n\n<p>Em 2023, nesse mesmo per\u00edodo, haviam 11 casos confirmados e nenhum \u00f3bito no Paran\u00e1.&nbsp;De acordo com dados do Sistema de Informa\u00e7\u00e3o de Agravos de Notifica\u00e7\u00e3o (Sinan), do Minist\u00e9rio da Sa\u00fade, em 2019 foram registrados 101 casos de&nbsp;coqueluche, em 2020 foram 26, em 2021 nove, em 2022 foram cinco casos e no ano passado 17.<\/p>\n\n\n\n<p>De acordo com \u00faltimo boletim da coqueluche, divulgado semanalmente no site da Sesa, dos 1 mil casos confirmados, 353 est\u00e3o na faixa et\u00e1ria dos 12 aos 19 anos e 110 menores de um ano. Apesar da doen\u00e7a ser mais frequente nessas idades, o grupo de pessoas de 30 a 49 anos tamb\u00e9m se destaca com n\u00famero elevado de casos, 183.<\/p>\n\n\n\n<p>Para a diretora de Aten\u00e7\u00e3o de Vigil\u00e2ncia em Sa\u00fade da Sesa,&nbsp;Maria Goretti&nbsp;Lopes,&nbsp;alguns fatores explicam esse aumento.&nbsp;\u201cExiste uma ciclicidade na circula\u00e7\u00e3o dessa bact\u00e9ria. Durante a pandemia houve uma posterga\u00e7\u00e3o, com poucos casos, mas agora, associado \u00e0 menor cobertura vacinal e ao aumento da sensibilidade da vigil\u00e2ncia epidemiol\u00f3gica e laboratorial, os casos est\u00e3o mais evidentes\u201d, disse.<\/p>\n\n\n\n<p>A coqueluche \u00e9 uma doen\u00e7a infecciosa que afeta as vias respirat\u00f3rias, causando crises de tosse seca.\u00a0Estima-se que uma pessoa com coqueluche pode infectar de 12 a 17 outros indiv\u00edduos.<\/p>\n\n\n\n<figure class=\"wp-block-image size-full\"><img loading=\"lazy\" decoding=\"async\" width=\"900\" height=\"408\" src=\"https:\/\/radiostudiow.com.br\/site\/wp-content\/uploads\/2024\/09\/image-64-1.png\" alt=\"\" class=\"wp-image-28207\" srcset=\"https:\/\/radiostudiow.com.br\/site\/wp-content\/uploads\/2024\/09\/image-64-1.png 900w, https:\/\/radiostudiow.com.br\/site\/wp-content\/uploads\/2024\/09\/image-64-1-300x136.png 300w, https:\/\/radiostudiow.com.br\/site\/wp-content\/uploads\/2024\/09\/image-64-1-768x348.png 768w\" sizes=\"auto, (max-width: 900px) 100vw, 900px\" \/><\/figure>\n\n\n\n<p>\u00a0<strong>TRANSMISS\u00c3O\u00a0\u2013<\/strong>\u00a0A transmiss\u00e3o ocorre, principalmente, pelo contato direto do doente com uma pessoa n\u00e3o vacinada, por meio de got\u00edculas eliminadas por tosse, espirro ou at\u00e9 mesmo ao falar.<\/p>\n\n\n\n<p>Os sintomas inicialmente s\u00e3o parecidos com os de um resfriado, com&nbsp;febre baixa, mal-estar geral, coriza e tosse seca que evoluem para crises de tosse mais intensa.<\/p>\n\n\n\n<p>&nbsp;A vacina\u00e7\u00e3o \u00e9 a melhor forma de preven\u00e7\u00e3o e deve ser realizada nos primeiros meses de vida, aos 2, 4 e 6 meses de idade, com intervalo de 60 dias entre as doses, com a&nbsp;vacina pentavalente. J\u00e1 a DTP deve ser administrada como refor\u00e7o aos 15 meses e aos quatro anos. Atualmente as coberturas vacinais est\u00e3o em 90,40% e 90,43%, respectivamente.<\/p>\n\n\n\n<p>A Divis\u00e3o de Vigil\u00e2ncia Epidemiol\u00f3gica da Sesa promove v\u00e1rias a\u00e7\u00f5es no monitoramento da doen\u00e7a. Existe uma busca ativa de gestantes e pu\u00e9rperas para imuniza\u00e7\u00e3o com dTpa e de crian\u00e7as para atualiza\u00e7\u00e3o do esquema vacinal.<\/p>\n\n\n\n<p>A recomenda\u00e7\u00e3o da Sesa \u00e9 que gestantes e profissionais da sa\u00fade tamb\u00e9m recebam o imunizante. De forma excepcional, trabalhadores de sa\u00fade e educa\u00e7\u00e3o que atuam diretamente com gestantes, pu\u00e9rperas, neonatos e crian\u00e7as menores de 4 anos devem receber a dose para maior prote\u00e7\u00e3o e preven\u00e7\u00e3o.<\/p>\n\n\n\n<p><\/p>\n","protected":false},"excerpt":{"rendered":"<p>O n\u00famero de casos confirmados de coqueluche subiu 86% nos \u00faltimos trinta dias no Paran\u00e1, passando de 537 para 1.000. Crian\u00e7as e adolescentes s\u00e3o os grupos mais afetados pela doen\u00e7a. Se comparado a julho, o aumento foi de 880%, quando o Estado contabilizava 102 casos. Os dados divulgados pela Secretaria de Estado da Sa\u00fade (Sesa) [&hellip;]<\/p>\n","protected":false},"author":2,"featured_media":29470,"comment_status":"open","ping_status":"open","sticky":false,"template":"","format":"standard","meta":{"footnotes":""},"categories":[182],"tags":[172],"class_list":["post-29469","post","type-post","status-publish","format-standard","has-post-thumbnail","hentry","category-saude","tag-featured"],"amp_enabled":true,"_links":{"self":[{"href":"https:\/\/radiostudiow.com.br\/site\/wp-json\/wp\/v2\/posts\/29469","targetHints":{"allow":["GET"]}}],"collection":[{"href":"https:\/\/radiostudiow.com.br\/site\/wp-json\/wp\/v2\/posts"}],"about":[{"href":"https:\/\/radiostudiow.com.br\/site\/wp-json\/wp\/v2\/types\/post"}],"author":[{"embeddable":true,"href":"https:\/\/radiostudiow.com.br\/site\/wp-json\/wp\/v2\/users\/2"}],"replies":[{"embeddable":true,"href":"https:\/\/radiostudiow.com.br\/site\/wp-json\/wp\/v2\/comments?post=29469"}],"version-history":[{"count":1,"href":"https:\/\/radiostudiow.com.br\/site\/wp-json\/wp\/v2\/posts\/29469\/revisions"}],"predecessor-version":[{"id":29471,"href":"https:\/\/radiostudiow.com.br\/site\/wp-json\/wp\/v2\/posts\/29469\/revisions\/29471"}],"wp:featuredmedia":[{"embeddable":true,"href":"https:\/\/radiostudiow.com.br\/site\/wp-json\/wp\/v2\/media\/29470"}],"wp:attachment":[{"href":"https:\/\/radiostudiow.com.br\/site\/wp-json\/wp\/v2\/media?parent=29469"}],"wp:term":[{"taxonomy":"category","embeddable":true,"href":"https:\/\/radiostudiow.com.br\/site\/wp-json\/wp\/v2\/categories?post=29469"},{"taxonomy":"post_tag","embeddable":true,"href":"https:\/\/radiostudiow.com.br\/site\/wp-json\/wp\/v2\/tags?post=29469"}],"curies":[{"name":"wp","href":"https:\/\/api.w.org\/{rel}","templated":true}]}}