{"id":29475,"date":"2024-10-29T20:58:36","date_gmt":"2024-10-29T23:58:36","guid":{"rendered":"https:\/\/radiostudiow.com.br\/site\/?p=29475"},"modified":"2025-01-31T14:58:17","modified_gmt":"2025-01-31T17:58:17","slug":"homem-acaba-ferido-depois-de-ataque-de-ciumes-em-uniao-da-vitoria","status":"publish","type":"post","link":"https:\/\/radiostudiow.com.br\/site\/2024\/10\/29\/homem-acaba-ferido-depois-de-ataque-de-ciumes-em-uniao-da-vitoria\/","title":{"rendered":"Homem acaba ferido depois de ataque de ci\u00fames em Uni\u00e3o da Vit\u00f3ria"},"content":{"rendered":"\n<p>A equipe da Pol\u00edcia Militar foi acionada para comparecer \u00e0 Unidade de Pronto Atendimento (UPA) de Uni\u00e3o da Vit\u00f3ria,&nbsp;onde um paciente havia dado entrada com ferimentos ocasionados por arma branca por volta das 14 horas desta segunda-feira (28).<\/p>\n\n\n\n<p>A v\u00edtima, que estava consciente e recebendo atendimento m\u00e9dico,&nbsp;relatou que a les\u00e3o ocorreu durante um desentendimento com um homem para quem prestava servi\u00e7os.<\/p>\n\n\n\n<figure class=\"wp-block-image size-full\"><img loading=\"lazy\" decoding=\"async\" width=\"897\" height=\"204\" src=\"https:\/\/radiostudiow.com.br\/site\/wp-content\/uploads\/2024\/08\/TIJOLAO.png\" alt=\"\" class=\"wp-image-25951\" srcset=\"https:\/\/radiostudiow.com.br\/site\/wp-content\/uploads\/2024\/08\/TIJOLAO.png 897w, https:\/\/radiostudiow.com.br\/site\/wp-content\/uploads\/2024\/08\/TIJOLAO-300x68.png 300w, https:\/\/radiostudiow.com.br\/site\/wp-content\/uploads\/2024\/08\/TIJOLAO-768x175.png 768w\" sizes=\"auto, (max-width: 897px) 100vw, 897px\" \/><\/figure>\n\n\n\n<p>Segundo informa\u00e7\u00f5es dos envolvidos, o conflito teria sido motivado por ci\u00fames do agressor em rela\u00e7\u00e3o \u00e0 conviv\u00eancia da v\u00edtima com sua companheira.&nbsp;Durante a discuss\u00e3o, a v\u00edtima afirmou que lan\u00e7ou um peda\u00e7o de madeira contra o autor, que retaliou com um golpe de fac\u00e3o, causando a les\u00e3o na m\u00e3o do trabalhador.<\/p>\n\n\n\n<p>Um boletim de ocorr\u00eancia foi confeccionado para registro dos fatos e ado\u00e7\u00e3o das provid\u00eancias cab\u00edveis. A pol\u00edcia investiga o caso e recomenda cautela em situa\u00e7\u00f5es de conflito para evitar desfechos violentos.<\/p>\n","protected":false},"excerpt":{"rendered":"<p>A equipe da Pol\u00edcia Militar foi acionada para comparecer \u00e0 Unidade de Pronto Atendimento (UPA) de Uni\u00e3o da Vit\u00f3ria,&nbsp;onde um paciente havia dado entrada com ferimentos ocasionados por arma branca por volta das 14 horas desta segunda-feira (28). A v\u00edtima, que estava consciente e recebendo atendimento m\u00e9dico,&nbsp;relatou que a les\u00e3o ocorreu durante um desentendimento com [&hellip;]<\/p>\n","protected":false},"author":2,"featured_media":29518,"comment_status":"open","ping_status":"open","sticky":false,"template":"","format":"standard","meta":{"footnotes":""},"categories":[2],"tags":[172],"class_list":["post-29475","post","type-post","status-publish","format-standard","has-post-thumbnail","hentry","category-policial","tag-featured"],"amp_enabled":true,"_links":{"self":[{"href":"https:\/\/radiostudiow.com.br\/site\/wp-json\/wp\/v2\/posts\/29475","targetHints":{"allow":["GET"]}}],"collection":[{"href":"https:\/\/radiostudiow.com.br\/site\/wp-json\/wp\/v2\/posts"}],"about":[{"href":"https:\/\/radiostudiow.com.br\/site\/wp-json\/wp\/v2\/types\/post"}],"author":[{"embeddable":true,"href":"https:\/\/radiostudiow.com.br\/site\/wp-json\/wp\/v2\/users\/2"}],"replies":[{"embeddable":true,"href":"https:\/\/radiostudiow.com.br\/site\/wp-json\/wp\/v2\/comments?post=29475"}],"version-history":[{"count":5,"href":"https:\/\/radiostudiow.com.br\/site\/wp-json\/wp\/v2\/posts\/29475\/revisions"}],"predecessor-version":[{"id":29519,"href":"https:\/\/radiostudiow.com.br\/site\/wp-json\/wp\/v2\/posts\/29475\/revisions\/29519"}],"wp:featuredmedia":[{"embeddable":true,"href":"https:\/\/radiostudiow.com.br\/site\/wp-json\/wp\/v2\/media\/29518"}],"wp:attachment":[{"href":"https:\/\/radiostudiow.com.br\/site\/wp-json\/wp\/v2\/media?parent=29475"}],"wp:term":[{"taxonomy":"category","embeddable":true,"href":"https:\/\/radiostudiow.com.br\/site\/wp-json\/wp\/v2\/categories?post=29475"},{"taxonomy":"post_tag","embeddable":true,"href":"https:\/\/radiostudiow.com.br\/site\/wp-json\/wp\/v2\/tags?post=29475"}],"curies":[{"name":"wp","href":"https:\/\/api.w.org\/{rel}","templated":true}]}}