{"id":29480,"date":"2024-10-29T20:20:26","date_gmt":"2024-10-29T23:20:26","guid":{"rendered":"https:\/\/radiostudiow.com.br\/site\/?p=29480"},"modified":"2025-01-31T14:58:17","modified_gmt":"2025-01-31T17:58:17","slug":"homem-furta-ambulancia-de-patio-de-hospital-e-da-role-com-veiculo-no-parana","status":"publish","type":"post","link":"https:\/\/radiostudiow.com.br\/site\/2024\/10\/29\/homem-furta-ambulancia-de-patio-de-hospital-e-da-role-com-veiculo-no-parana\/","title":{"rendered":"Homem furta ambul\u00e2ncia de p\u00e1tio de hospital e \u2018d\u00e1 rol\u00ea\u2019 com ve\u00edculo no Paran\u00e1"},"content":{"rendered":"\n<p>Um homem furtou uma ambul\u00e2ncia do p\u00e1tio do Hospital Municipal de&nbsp;Kalor\u00e9, a 73 km de&nbsp;Maring\u00e1, no norte do Paran\u00e1. Ap\u00f3s o furto, o homem \u201cpasseou\u201d com o ve\u00edculo com as sirenes ligadas, de acordo com a Pol\u00edcia Militar (PM-PR).<\/p>\n\n\n\n<figure class=\"wp-block-image size-large is-resized\"><img decoding=\"async\" src=\"https:\/\/radiostudiow.com.br\/site\/wp-content\/uploads\/2024\/10\/image-19-1024x1024.png\" alt=\"\" class=\"wp-image-28623\" style=\"width:527px;height:auto\"\/><\/figure>\n\n\n\n<p>Conforme apurou a pol\u00edcia, o ve\u00edculo estava com a chave na igni\u00e7\u00e3o quando foi furtado. A Secretaria de Sa\u00fade da cidade informou que \u00e9 de costume as chaves ficarem em todas as ambul\u00e2ncias estacionadas no local.<\/p>\n\n\n\n<p>Segundo o relat\u00f3rio da PM, o furto foi notado pelo acompanhante de uma paciente que estava internada no hospital e viu uma pessoa saindo com o ve\u00edculo.<\/p>\n\n\n\n<p>A testemunha relatou aos policiais que o motorista parecia n\u00e3o ter habilidade para dirigir, pois bateu em um ve\u00edculo estacionado antes de sair do p\u00e1tio do hospital.<\/p>\n\n\n\n<figure class=\"wp-block-image size-full is-resized\"><img loading=\"lazy\" decoding=\"async\" width=\"900\" height=\"408\" src=\"https:\/\/radiostudiow.com.br\/site\/wp-content\/uploads\/2024\/09\/image-64-1.png\" alt=\"\" class=\"wp-image-28207\" style=\"width:602px;height:auto\" srcset=\"https:\/\/radiostudiow.com.br\/site\/wp-content\/uploads\/2024\/09\/image-64-1.png 900w, https:\/\/radiostudiow.com.br\/site\/wp-content\/uploads\/2024\/09\/image-64-1-300x136.png 300w, https:\/\/radiostudiow.com.br\/site\/wp-content\/uploads\/2024\/09\/image-64-1-768x348.png 768w\" sizes=\"auto, (max-width: 900px) 100vw, 900px\" \/><\/figure>\n\n\n\n<h2 class=\"wp-block-heading\">Ve\u00edculo foi encontrado em outra cidade<\/h2>\n\n\n\n<p>O ve\u00edculo foi encontrado abandonado horas depois em&nbsp;Borraz\u00f3polis, cidade a 17 km de Kalor\u00e9. De acordo com a PM, o condutor bateu com o carro no muro de uma empresa e fugiu do local a p\u00e9.<\/p>\n\n\n\n<p>Moradores disseram para a pol\u00edcia que o homem andou pela cidade com a ambul\u00e2ncia em alta velocidade.<\/p>\n\n\n\n<p>O ve\u00edculo foi recolhido e encaminhado para a delegacia e a Pol\u00edcia Civil vai investigar o caso. At\u00e9 a \u00faltima atualiza\u00e7\u00e3o desta reportagem, o homem n\u00e3o tinha sido localizado.<\/p>\n\n\n\n<p><em>Reportagem: G1<\/em><\/p>\n","protected":false},"excerpt":{"rendered":"<p>Um homem furtou uma ambul\u00e2ncia do p\u00e1tio do Hospital Municipal de&nbsp;Kalor\u00e9, a 73 km de&nbsp;Maring\u00e1, no norte do Paran\u00e1. Ap\u00f3s o furto, o homem \u201cpasseou\u201d com o ve\u00edculo com as sirenes ligadas, de acordo com a Pol\u00edcia Militar (PM-PR). Conforme apurou a pol\u00edcia, o ve\u00edculo estava com a chave na igni\u00e7\u00e3o quando foi furtado. A [&hellip;]<\/p>\n","protected":false},"author":2,"featured_media":29481,"comment_status":"open","ping_status":"open","sticky":false,"template":"","format":"standard","meta":{"footnotes":""},"categories":[2],"tags":[172],"class_list":["post-29480","post","type-post","status-publish","format-standard","has-post-thumbnail","hentry","category-policial","tag-featured"],"amp_enabled":true,"_links":{"self":[{"href":"https:\/\/radiostudiow.com.br\/site\/wp-json\/wp\/v2\/posts\/29480","targetHints":{"allow":["GET"]}}],"collection":[{"href":"https:\/\/radiostudiow.com.br\/site\/wp-json\/wp\/v2\/posts"}],"about":[{"href":"https:\/\/radiostudiow.com.br\/site\/wp-json\/wp\/v2\/types\/post"}],"author":[{"embeddable":true,"href":"https:\/\/radiostudiow.com.br\/site\/wp-json\/wp\/v2\/users\/2"}],"replies":[{"embeddable":true,"href":"https:\/\/radiostudiow.com.br\/site\/wp-json\/wp\/v2\/comments?post=29480"}],"version-history":[{"count":2,"href":"https:\/\/radiostudiow.com.br\/site\/wp-json\/wp\/v2\/posts\/29480\/revisions"}],"predecessor-version":[{"id":29516,"href":"https:\/\/radiostudiow.com.br\/site\/wp-json\/wp\/v2\/posts\/29480\/revisions\/29516"}],"wp:featuredmedia":[{"embeddable":true,"href":"https:\/\/radiostudiow.com.br\/site\/wp-json\/wp\/v2\/media\/29481"}],"wp:attachment":[{"href":"https:\/\/radiostudiow.com.br\/site\/wp-json\/wp\/v2\/media?parent=29480"}],"wp:term":[{"taxonomy":"category","embeddable":true,"href":"https:\/\/radiostudiow.com.br\/site\/wp-json\/wp\/v2\/categories?post=29480"},{"taxonomy":"post_tag","embeddable":true,"href":"https:\/\/radiostudiow.com.br\/site\/wp-json\/wp\/v2\/tags?post=29480"}],"curies":[{"name":"wp","href":"https:\/\/api.w.org\/{rel}","templated":true}]}}