{"id":29483,"date":"2024-10-30T10:25:09","date_gmt":"2024-10-30T13:25:09","guid":{"rendered":"https:\/\/radiostudiow.com.br\/site\/?p=29483"},"modified":"2025-01-31T14:58:17","modified_gmt":"2025-01-31T17:58:17","slug":"motociclista-fica-gravemente-ferido-apos-acidente-na-br-476","status":"publish","type":"post","link":"https:\/\/radiostudiow.com.br\/site\/2024\/10\/30\/motociclista-fica-gravemente-ferido-apos-acidente-na-br-476\/","title":{"rendered":"Motociclista fica gravemente ferido ap\u00f3s acidente na BR-476"},"content":{"rendered":"\n<p>Um motociclista ficou gravemente ferido ap\u00f3s se envolver em um acidente com caminh\u00e3o, na BR-476, na altura do quil\u00f4metro 283, em S\u00e3o Mateus do Sul, por volta de 14:40 horas desta ter\u00e7a-feira (29).<\/p>\n\n\n\n<p>Conforme informa\u00e7\u00f5es do Corpo de Bombeiros, a v\u00edtima que n\u00e3o teve a identidade divulgada, sofreu ferimentos considerados graves e foi socorrido e encaminhado ao Pronto Atendimento Municipal.<\/p>\n\n\n\n<p>Os Bombeiros passaram a informa\u00e7\u00e3o que o caminhoneiro fugiu do local do acidente sem prestar socorro \u00e0 v\u00edtima.<\/p>\n\n\n\n<figure class=\"wp-block-image size-full\"><img loading=\"lazy\" decoding=\"async\" width=\"897\" height=\"204\" src=\"https:\/\/radiostudiow.com.br\/site\/wp-content\/uploads\/2024\/08\/TIJOLAO.png\" alt=\"\" class=\"wp-image-25951\" srcset=\"https:\/\/radiostudiow.com.br\/site\/wp-content\/uploads\/2024\/08\/TIJOLAO.png 897w, https:\/\/radiostudiow.com.br\/site\/wp-content\/uploads\/2024\/08\/TIJOLAO-300x68.png 300w, https:\/\/radiostudiow.com.br\/site\/wp-content\/uploads\/2024\/08\/TIJOLAO-768x175.png 768w\" sizes=\"auto, (max-width: 897px) 100vw, 897px\" \/><\/figure>\n\n\n\n<h2 class=\"wp-block-heading\">Omiss\u00e3o de socorro \u00e9 considerado crime<\/h2>\n\n\n\n<p>Deixar de prestar socorro a uma v\u00edtima de acidente de tr\u00e2nsito \u00e9 considerado\u00a0omiss\u00e3o de socorro\u00a0e \u00e9 punido como crime de tr\u00e2nsito:<\/p>\n\n\n\n<ul class=\"wp-block-list\">\n<li>Infra\u00e7\u00e3o de tr\u00e2nsito grav\u00edssima, com multa de R$1467,35 e suspens\u00e3o do direito de dirigir<\/li>\n\n\n\n<li>Deten\u00e7\u00e3o de 6 meses a 1 ano&nbsp;<\/li>\n<\/ul>\n\n\n\n<p>A omiss\u00e3o de socorro \u00e9 crime quando a pessoa n\u00e3o presta socorro a algu\u00e9m em situa\u00e7\u00e3o de perigo, mesmo que possa faz\u00ea-lo, desde que n\u00e3o corra risco pessoal.&nbsp;Se houver risco, a pessoa deve pedir ajuda a uma autoridade p\u00fablica.&nbsp;<\/p>\n\n\n\n<p>A pena para a omiss\u00e3o de socorro \u00e9 duplicada se a v\u00edtima sofrer les\u00f5es graves e triplicada se morrer.&nbsp;<\/p>\n\n\n\n<p>A omiss\u00e3o de socorro \u00e9 um dever jur\u00eddico e moral, e \u00e9 importante lembrar que todos est\u00e3o obrigados a prestar socorro se mais de uma pessoa encontrar algu\u00e9m em perigo.<\/p>\n","protected":false},"excerpt":{"rendered":"<p>Um motociclista ficou gravemente ferido ap\u00f3s se envolver em um acidente com caminh\u00e3o, na BR-476, na altura do quil\u00f4metro 283, em S\u00e3o Mateus do Sul, por volta de 14:40 horas desta ter\u00e7a-feira (29). Conforme informa\u00e7\u00f5es do Corpo de Bombeiros, a v\u00edtima que n\u00e3o teve a identidade divulgada, sofreu ferimentos considerados graves e foi socorrido e [&hellip;]<\/p>\n","protected":false},"author":2,"featured_media":27687,"comment_status":"open","ping_status":"open","sticky":false,"template":"","format":"standard","meta":{"footnotes":""},"categories":[185],"tags":[172],"class_list":["post-29483","post","type-post","status-publish","format-standard","has-post-thumbnail","hentry","category-regional","tag-featured"],"amp_enabled":true,"_links":{"self":[{"href":"https:\/\/radiostudiow.com.br\/site\/wp-json\/wp\/v2\/posts\/29483","targetHints":{"allow":["GET"]}}],"collection":[{"href":"https:\/\/radiostudiow.com.br\/site\/wp-json\/wp\/v2\/posts"}],"about":[{"href":"https:\/\/radiostudiow.com.br\/site\/wp-json\/wp\/v2\/types\/post"}],"author":[{"embeddable":true,"href":"https:\/\/radiostudiow.com.br\/site\/wp-json\/wp\/v2\/users\/2"}],"replies":[{"embeddable":true,"href":"https:\/\/radiostudiow.com.br\/site\/wp-json\/wp\/v2\/comments?post=29483"}],"version-history":[{"count":2,"href":"https:\/\/radiostudiow.com.br\/site\/wp-json\/wp\/v2\/posts\/29483\/revisions"}],"predecessor-version":[{"id":29527,"href":"https:\/\/radiostudiow.com.br\/site\/wp-json\/wp\/v2\/posts\/29483\/revisions\/29527"}],"wp:featuredmedia":[{"embeddable":true,"href":"https:\/\/radiostudiow.com.br\/site\/wp-json\/wp\/v2\/media\/27687"}],"wp:attachment":[{"href":"https:\/\/radiostudiow.com.br\/site\/wp-json\/wp\/v2\/media?parent=29483"}],"wp:term":[{"taxonomy":"category","embeddable":true,"href":"https:\/\/radiostudiow.com.br\/site\/wp-json\/wp\/v2\/categories?post=29483"},{"taxonomy":"post_tag","embeddable":true,"href":"https:\/\/radiostudiow.com.br\/site\/wp-json\/wp\/v2\/tags?post=29483"}],"curies":[{"name":"wp","href":"https:\/\/api.w.org\/{rel}","templated":true}]}}