{"id":29488,"date":"2024-10-29T21:05:06","date_gmt":"2024-10-30T00:05:06","guid":{"rendered":"https:\/\/radiostudiow.com.br\/site\/?p=29488"},"modified":"2025-01-31T14:58:17","modified_gmt":"2025-01-31T17:58:17","slug":"mae-denuncia-paciente-por-estuprar-sua-filha-de-2-anos-em-canoinhas","status":"publish","type":"post","link":"https:\/\/radiostudiow.com.br\/site\/2024\/10\/29\/mae-denuncia-paciente-por-estuprar-sua-filha-de-2-anos-em-canoinhas\/","title":{"rendered":"M\u00e3e denuncia paciente por estuprar sua filha de 2 anos em Canoinhas"},"content":{"rendered":"\n<p>Um caso chocante de estupro de vulner\u00e1vel foi registrado pela Pol\u00edcia Militar de Canoinhas neste s\u00e1bado (26). A m\u00e3e de uma menina de apenas dois anos de idade acionou a PM para denunciar um parente na casa do qual morava com a filha no bairro Jardim Esperan\u00e7a.<\/p>\n\n\n\n<p>Segundo a mulher, havia sinais de que o parente, cujo grau de parentesco n\u00e3o foi revelado, teria estuprado a crian\u00e7a.<\/p>\n\n\n\n<figure class=\"wp-block-image size-large is-resized\"><img decoding=\"async\" src=\"https:\/\/radiostudiow.com.br\/site\/wp-content\/uploads\/2024\/10\/image-64-1024x1024.png\" alt=\"\" class=\"wp-image-29382\" style=\"width:472px;height:auto\"\/><\/figure>\n\n\n\n<p><em><strong>\u201cA moradora relatou preocupa\u00e7\u00f5es em rela\u00e7\u00e3o ao comportamento de um familiar em rela\u00e7\u00e3o \u00e0 sua filha, uma crian\u00e7a de 2 anos. Ap\u00f3s receber as declara\u00e7\u00f5es, a m\u00e3e da menor decidiu registrar a situa\u00e7\u00e3o junto \u00e0s autoridades\u201d, informou a PM em nota.<\/strong><\/em><\/p>\n\n\n\n<p>O Conselho Tutelar foi acionado e acompanhou o caso, oferecendo suporte e orienta\u00e7\u00f5es para as partes envolvidas.<\/p>\n\n\n\n<p>A respons\u00e1vel pela menor tamb\u00e9m optou por se mudar temporariamente para outra resid\u00eancia em busca de mais seguran\u00e7a.<\/p>\n\n\n\n<p>Todos os dados que pudessem identificar a v\u00edtima, como manda o Estatuto da Crian\u00e7a e do Adolescente, foram suprimidos da divulga\u00e7\u00e3o da ocorr\u00eancia.<\/p>\n\n\n\n<p><em>Reportagem: JMais<\/em><\/p>\n","protected":false},"excerpt":{"rendered":"<p>Um caso chocante de estupro de vulner\u00e1vel foi registrado pela Pol\u00edcia Militar de Canoinhas neste s\u00e1bado (26). A m\u00e3e de uma menina de apenas dois anos de idade acionou a PM para denunciar um parente na casa do qual morava com a filha no bairro Jardim Esperan\u00e7a. Segundo a mulher, havia sinais de que o [&hellip;]<\/p>\n","protected":false},"author":2,"featured_media":29520,"comment_status":"open","ping_status":"open","sticky":false,"template":"","format":"standard","meta":{"footnotes":""},"categories":[2],"tags":[172],"class_list":["post-29488","post","type-post","status-publish","format-standard","has-post-thumbnail","hentry","category-policial","tag-featured"],"amp_enabled":true,"_links":{"self":[{"href":"https:\/\/radiostudiow.com.br\/site\/wp-json\/wp\/v2\/posts\/29488","targetHints":{"allow":["GET"]}}],"collection":[{"href":"https:\/\/radiostudiow.com.br\/site\/wp-json\/wp\/v2\/posts"}],"about":[{"href":"https:\/\/radiostudiow.com.br\/site\/wp-json\/wp\/v2\/types\/post"}],"author":[{"embeddable":true,"href":"https:\/\/radiostudiow.com.br\/site\/wp-json\/wp\/v2\/users\/2"}],"replies":[{"embeddable":true,"href":"https:\/\/radiostudiow.com.br\/site\/wp-json\/wp\/v2\/comments?post=29488"}],"version-history":[{"count":2,"href":"https:\/\/radiostudiow.com.br\/site\/wp-json\/wp\/v2\/posts\/29488\/revisions"}],"predecessor-version":[{"id":29521,"href":"https:\/\/radiostudiow.com.br\/site\/wp-json\/wp\/v2\/posts\/29488\/revisions\/29521"}],"wp:featuredmedia":[{"embeddable":true,"href":"https:\/\/radiostudiow.com.br\/site\/wp-json\/wp\/v2\/media\/29520"}],"wp:attachment":[{"href":"https:\/\/radiostudiow.com.br\/site\/wp-json\/wp\/v2\/media?parent=29488"}],"wp:term":[{"taxonomy":"category","embeddable":true,"href":"https:\/\/radiostudiow.com.br\/site\/wp-json\/wp\/v2\/categories?post=29488"},{"taxonomy":"post_tag","embeddable":true,"href":"https:\/\/radiostudiow.com.br\/site\/wp-json\/wp\/v2\/tags?post=29488"}],"curies":[{"name":"wp","href":"https:\/\/api.w.org\/{rel}","templated":true}]}}