{"id":29496,"date":"2024-10-30T10:39:26","date_gmt":"2024-10-30T13:39:26","guid":{"rendered":"https:\/\/radiostudiow.com.br\/site\/?p=29496"},"modified":"2025-01-31T14:58:17","modified_gmt":"2025-01-31T17:58:17","slug":"motorista-de-caminhao-e-sequestrado-e-tem-veiculo-roubado-em-general-carneiro","status":"publish","type":"post","link":"https:\/\/radiostudiow.com.br\/site\/2024\/10\/30\/motorista-de-caminhao-e-sequestrado-e-tem-veiculo-roubado-em-general-carneiro\/","title":{"rendered":"Motorista de caminh\u00e3o \u00e9 sequestrado e tem ve\u00edculo roubado em General Carneiro"},"content":{"rendered":"\n<p>O motorista Leonardo Duarte, que desapareceu na tarde de domingo, 27 de outubro, enquanto trafegava pela rodovia BR-153, foi encontrado ap\u00f3s ser v\u00edtima de sequestro seguido de roubo. Ele foi libertado por volta das 00h30 da madrugada desta segunda-feira, 28 de outubro, em Palmas. Seu caminh\u00e3o foi localizado em Videira.<\/p>\n\n\n\n<p>De acordo com informa\u00e7\u00f5es da pol\u00edcia, Leonardo estava viajando pelo trecho de General Carneiro\/PR quando, por volta das 15h, dois homens armados o abordaram e anunciaram o assalto. Os criminosos o colocaram no ba\u00fa de outro caminh\u00e3o. O motorista foi liberado algumas horas depois, pr\u00f3ximo ao Trevo da Codapar, em Palmas\/PR.<\/p>\n\n\n\n<div class=\"wp-block-media-text is-stacked-on-mobile\"><figure class=\"wp-block-media-text__media\"><img decoding=\"async\" src=\"https:\/\/radiostudiow.com.br\/site\/wp-content\/uploads\/2024\/10\/image-19-1024x1024.png\" alt=\"\" class=\"wp-image-28623 size-full\"\/><\/figure><div class=\"wp-block-media-text__content\">\n<p>AFUBRA IRATI:<br>\ud83d\udccd Rua Coronel Emilio Gomes, 399, Centro &#8211; Irati &#8211; PR<br>\ud83d\udcde(42) 3421-1700<\/p>\n\n\n\n<p>AFUBRA IMBITUVA:<br>\ud83d\udccd RUA Jacobe Brener, 830 &#8211; Centro, Imbituva &#8211; PR<br>\ud83d\udcde(42) 3436-84003<\/p>\n<\/div><\/div>\n\n\n\n<p>Os assaltantes levaram seu caminh\u00e3o Iveco de cor azul, equipado com c\u00e2mara fria, que estava carregado com carne. O ve\u00edculo foi encontrado em Videira, mas ainda n\u00e3o h\u00e1 informa\u00e7\u00f5es sobre o destino da carga.<\/p>\n\n\n\n<p>O desaparecimento de Leonardo foi divulgado na noite de domingo, quando ele havia sido visto pela \u00faltima vez por volta das 14h, ao abastecer seu caminh\u00e3o no Posto Otto, em General Carneiro. Desde ent\u00e3o, n\u00e3o havia dado mais not\u00edcias sobre seu paradeiro ou sobre o ve\u00edculo que dirigia. A pol\u00edcia segue investigando o caso.<\/p>\n\n\n\n<p><em>Fonte: Portal 97<\/em><\/p>\n","protected":false},"excerpt":{"rendered":"<p>O motorista Leonardo Duarte, que desapareceu na tarde de domingo, 27 de outubro, enquanto trafegava pela rodovia BR-153, foi encontrado ap\u00f3s ser v\u00edtima de sequestro seguido de roubo. Ele foi libertado por volta das 00h30 da madrugada desta segunda-feira, 28 de outubro, em Palmas. Seu caminh\u00e3o foi localizado em Videira. De acordo com informa\u00e7\u00f5es da [&hellip;]<\/p>\n","protected":false},"author":2,"featured_media":29537,"comment_status":"open","ping_status":"open","sticky":false,"template":"","format":"standard","meta":{"footnotes":""},"categories":[2],"tags":[172],"class_list":["post-29496","post","type-post","status-publish","format-standard","has-post-thumbnail","hentry","category-policial","tag-featured"],"amp_enabled":true,"_links":{"self":[{"href":"https:\/\/radiostudiow.com.br\/site\/wp-json\/wp\/v2\/posts\/29496","targetHints":{"allow":["GET"]}}],"collection":[{"href":"https:\/\/radiostudiow.com.br\/site\/wp-json\/wp\/v2\/posts"}],"about":[{"href":"https:\/\/radiostudiow.com.br\/site\/wp-json\/wp\/v2\/types\/post"}],"author":[{"embeddable":true,"href":"https:\/\/radiostudiow.com.br\/site\/wp-json\/wp\/v2\/users\/2"}],"replies":[{"embeddable":true,"href":"https:\/\/radiostudiow.com.br\/site\/wp-json\/wp\/v2\/comments?post=29496"}],"version-history":[{"count":4,"href":"https:\/\/radiostudiow.com.br\/site\/wp-json\/wp\/v2\/posts\/29496\/revisions"}],"predecessor-version":[{"id":29538,"href":"https:\/\/radiostudiow.com.br\/site\/wp-json\/wp\/v2\/posts\/29496\/revisions\/29538"}],"wp:featuredmedia":[{"embeddable":true,"href":"https:\/\/radiostudiow.com.br\/site\/wp-json\/wp\/v2\/media\/29537"}],"wp:attachment":[{"href":"https:\/\/radiostudiow.com.br\/site\/wp-json\/wp\/v2\/media?parent=29496"}],"wp:term":[{"taxonomy":"category","embeddable":true,"href":"https:\/\/radiostudiow.com.br\/site\/wp-json\/wp\/v2\/categories?post=29496"},{"taxonomy":"post_tag","embeddable":true,"href":"https:\/\/radiostudiow.com.br\/site\/wp-json\/wp\/v2\/tags?post=29496"}],"curies":[{"name":"wp","href":"https:\/\/api.w.org\/{rel}","templated":true}]}}