{"id":29500,"date":"2024-10-29T17:32:56","date_gmt":"2024-10-29T20:32:56","guid":{"rendered":"https:\/\/radiostudiow.com.br\/site\/?p=29500"},"modified":"2025-01-31T14:58:17","modified_gmt":"2025-01-31T17:58:17","slug":"lista-de-criancas-contempladas-com-vagas-nos-cmeis-para-o-ano-de-2025","status":"publish","type":"post","link":"https:\/\/radiostudiow.com.br\/site\/2024\/10\/29\/lista-de-criancas-contempladas-com-vagas-nos-cmeis-para-o-ano-de-2025\/","title":{"rendered":"Lista de crian\u00e7as contempladas com vagas nos CMEIS para o ano de 2025"},"content":{"rendered":"\n<p>A Presidente do Conselho Municipal de Educa\u00e7\u00e3o de Mallet, no uso de suas atribui\u00e7\u00f5es e em conformidade com a Resolu\u00e7\u00e3o n \u00ba 02\/ 2024 &#8211; CME vem por meio desta, apresentar a Lista de Crian\u00e7as contempladas e\/ou aguardando vagas dos CMEIs Anjo da Guarda e Pingo de Gente, e tamb\u00e9m nas escolas municipais, para o ano letivo de 2025. Ainda, poder\u00e3o ser inclu\u00eddos alunos durante o Ano\/2025, se houver desist\u00eancia ou transfer\u00eancias, seguindo a an\u00e1lise dos crit\u00e9rios do Art. 8\u00ba da Resolu\u00e7\u00e3o.<\/p>\n\n\n\n<figure class=\"wp-block-image size-full\"><img loading=\"lazy\" decoding=\"async\" width=\"900\" height=\"408\" src=\"https:\/\/radiostudiow.com.br\/site\/wp-content\/uploads\/2024\/09\/image-64-1.png\" alt=\"\" class=\"wp-image-28207\" srcset=\"https:\/\/radiostudiow.com.br\/site\/wp-content\/uploads\/2024\/09\/image-64-1.png 900w, https:\/\/radiostudiow.com.br\/site\/wp-content\/uploads\/2024\/09\/image-64-1-300x136.png 300w, https:\/\/radiostudiow.com.br\/site\/wp-content\/uploads\/2024\/09\/image-64-1-768x348.png 768w\" sizes=\"auto, (max-width: 900px) 100vw, 900px\" \/><\/figure>\n\n\n\n<p>A efetiva\u00e7\u00e3o das MATR\u00cdCULAS ocorrer\u00e1 no per\u00edodo de 04 a 08 de novembro, diretamente nas escolas e CMEIs da Rede Municipal de Educa\u00e7\u00e3o. em hor\u00e1rio de funcionamento das mesmas. Assim sendo, todos os pais que realizaram os cadastros on-line, dever\u00e3o apresentar toda documenta\u00e7\u00e3o obrigat\u00f3ria para a efetiva\u00e7\u00e3o da matricula.<\/p>\n\n\n\n<p><strong> Acesse o link da lista completa das crian\u00e7as contempladas com vagas nos CMEIS para o ano de 2025:<\/strong><\/p>\n\n\n\n<div data-wp-interactive=\"core\/file\" class=\"wp-block-file\"><object data-wp-bind--hidden=\"!state.hasPdfPreview\" hidden class=\"wp-block-file__embed\" data=\"https:\/\/radiostudiow.com.br\/site\/wp-content\/uploads\/2024\/10\/Listagem-Chamento-Matriculas-Infantil-2025.pdf\" type=\"application\/pdf\" style=\"width:100%;height:600px\" aria-label=\"Incorporado de Listagem-Chamento-Matriculas-Infantil-2025.\"><\/object><a id=\"wp-block-file--media-cddd1640-0e07-4d9e-943c-7d3b8375c9fa\" href=\"https:\/\/radiostudiow.com.br\/site\/wp-content\/uploads\/2024\/10\/Listagem-Chamento-Matriculas-Infantil-2025.pdf\">Listagem-Chamento-Matriculas-Infantil-2025<\/a><a href=\"https:\/\/radiostudiow.com.br\/site\/wp-content\/uploads\/2024\/10\/Listagem-Chamento-Matriculas-Infantil-2025.pdf\" class=\"wp-block-file__button wp-element-button\" download aria-describedby=\"wp-block-file--media-cddd1640-0e07-4d9e-943c-7d3b8375c9fa\">Baixar<\/a><\/div>\n","protected":false},"excerpt":{"rendered":"<p>A Presidente do Conselho Municipal de Educa\u00e7\u00e3o de Mallet, no uso de suas atribui\u00e7\u00f5es e em conformidade com a Resolu\u00e7\u00e3o n \u00ba 02\/ 2024 &#8211; CME vem por meio desta, apresentar a Lista de Crian\u00e7as contempladas e\/ou aguardando vagas dos CMEIs Anjo da Guarda e Pingo de Gente, e tamb\u00e9m nas escolas municipais, para o [&hellip;]<\/p>\n","protected":false},"author":2,"featured_media":0,"comment_status":"open","ping_status":"open","sticky":false,"template":"","format":"standard","meta":{"footnotes":""},"categories":[184],"tags":[172],"class_list":["post-29500","post","type-post","status-publish","format-standard","hentry","category-local","tag-featured"],"amp_enabled":true,"_links":{"self":[{"href":"https:\/\/radiostudiow.com.br\/site\/wp-json\/wp\/v2\/posts\/29500","targetHints":{"allow":["GET"]}}],"collection":[{"href":"https:\/\/radiostudiow.com.br\/site\/wp-json\/wp\/v2\/posts"}],"about":[{"href":"https:\/\/radiostudiow.com.br\/site\/wp-json\/wp\/v2\/types\/post"}],"author":[{"embeddable":true,"href":"https:\/\/radiostudiow.com.br\/site\/wp-json\/wp\/v2\/users\/2"}],"replies":[{"embeddable":true,"href":"https:\/\/radiostudiow.com.br\/site\/wp-json\/wp\/v2\/comments?post=29500"}],"version-history":[{"count":3,"href":"https:\/\/radiostudiow.com.br\/site\/wp-json\/wp\/v2\/posts\/29500\/revisions"}],"predecessor-version":[{"id":29506,"href":"https:\/\/radiostudiow.com.br\/site\/wp-json\/wp\/v2\/posts\/29500\/revisions\/29506"}],"wp:attachment":[{"href":"https:\/\/radiostudiow.com.br\/site\/wp-json\/wp\/v2\/media?parent=29500"}],"wp:term":[{"taxonomy":"category","embeddable":true,"href":"https:\/\/radiostudiow.com.br\/site\/wp-json\/wp\/v2\/categories?post=29500"},{"taxonomy":"post_tag","embeddable":true,"href":"https:\/\/radiostudiow.com.br\/site\/wp-json\/wp\/v2\/tags?post=29500"}],"curies":[{"name":"wp","href":"https:\/\/api.w.org\/{rel}","templated":true}]}}