{"id":29543,"date":"2024-10-30T16:18:44","date_gmt":"2024-10-30T19:18:44","guid":{"rendered":"https:\/\/radiostudiow.com.br\/site\/?p=29543"},"modified":"2025-01-31T14:58:17","modified_gmt":"2025-01-31T17:58:17","slug":"bombeiros-atendem-ocorrencia-de-incendio-em-conveniencia-de-posto-de-combustivel-de-sao-mateus-do-sul","status":"publish","type":"post","link":"https:\/\/radiostudiow.com.br\/site\/2024\/10\/30\/bombeiros-atendem-ocorrencia-de-incendio-em-conveniencia-de-posto-de-combustivel-de-sao-mateus-do-sul\/","title":{"rendered":"Bombeiros atendem ocorr\u00eancia de inc\u00eandio em conveni\u00eancia de posto de combust\u00edvel de S\u00e3o Mateus do Sul"},"content":{"rendered":"\n<p>O Corpo de Bombeiros de S\u00e3o Mateus do Sul foi acionado para uma ocorr\u00eancia de inc\u00eandio em uma conveni\u00eancia em um posto de combust\u00edvel de S\u00e3o Mateus do Sul na madrugada desta quarta-feira (30).<\/p>\n\n\n\n<figure class=\"wp-block-image size-full\"><img loading=\"lazy\" decoding=\"async\" width=\"598\" height=\"204\" src=\"https:\/\/radiostudiow.com.br\/site\/wp-content\/uploads\/2024\/10\/labirati.png\" alt=\"\" class=\"wp-image-28854\" srcset=\"https:\/\/radiostudiow.com.br\/site\/wp-content\/uploads\/2024\/10\/labirati.png 598w, https:\/\/radiostudiow.com.br\/site\/wp-content\/uploads\/2024\/10\/labirati-300x102.png 300w\" sizes=\"auto, (max-width: 598px) 100vw, 598px\" \/><\/figure>\n\n\n\n<p>O solicitante informou que havia um freezer pegando fogo dentro da loja de conveni\u00eancia do Posto Tri\u00e2ngulo.<\/p>\n\n\n\n<blockquote class=\"wp-block-quote is-layout-flow wp-block-quote-is-layout-flow\">\n<p><em>\u201cO local estava tomado pela fuma\u00e7a e com focos de inc\u00eandio em cima dos freezers. Foi realizado Interrup\u00e7\u00e3o da energia el\u00e9trica, combate ao inc\u00eandio, abertura das portas e janelas para ventila\u00e7\u00e3o e orienta\u00e7\u00f5es ao propriet\u00e1rio e funcion\u00e1rios\u201d, informou o Corpo de Bombeiros.<\/em><\/p>\n<\/blockquote>\n\n\n\n<p>Ainda segundo eles, foram atingidos parte do forro do estabelecimento, freezers verticais, televisores, aparelhos de ar condicionado, mesas, cadeiras, maquinas de fazer caf\u00e9, computadores entre outros. Ningu\u00e9m ficou ferido.<\/p>\n","protected":false},"excerpt":{"rendered":"<p>O Corpo de Bombeiros de S\u00e3o Mateus do Sul foi acionado para uma ocorr\u00eancia de inc\u00eandio em uma conveni\u00eancia em um posto de combust\u00edvel de S\u00e3o Mateus do Sul na madrugada desta quarta-feira (30). O solicitante informou que havia um freezer pegando fogo dentro da loja de conveni\u00eancia do Posto Tri\u00e2ngulo. \u201cO local estava tomado [&hellip;]<\/p>\n","protected":false},"author":2,"featured_media":29544,"comment_status":"open","ping_status":"open","sticky":false,"template":"","format":"standard","meta":{"footnotes":""},"categories":[185],"tags":[172],"class_list":["post-29543","post","type-post","status-publish","format-standard","has-post-thumbnail","hentry","category-regional","tag-featured"],"amp_enabled":true,"_links":{"self":[{"href":"https:\/\/radiostudiow.com.br\/site\/wp-json\/wp\/v2\/posts\/29543","targetHints":{"allow":["GET"]}}],"collection":[{"href":"https:\/\/radiostudiow.com.br\/site\/wp-json\/wp\/v2\/posts"}],"about":[{"href":"https:\/\/radiostudiow.com.br\/site\/wp-json\/wp\/v2\/types\/post"}],"author":[{"embeddable":true,"href":"https:\/\/radiostudiow.com.br\/site\/wp-json\/wp\/v2\/users\/2"}],"replies":[{"embeddable":true,"href":"https:\/\/radiostudiow.com.br\/site\/wp-json\/wp\/v2\/comments?post=29543"}],"version-history":[{"count":1,"href":"https:\/\/radiostudiow.com.br\/site\/wp-json\/wp\/v2\/posts\/29543\/revisions"}],"predecessor-version":[{"id":29545,"href":"https:\/\/radiostudiow.com.br\/site\/wp-json\/wp\/v2\/posts\/29543\/revisions\/29545"}],"wp:featuredmedia":[{"embeddable":true,"href":"https:\/\/radiostudiow.com.br\/site\/wp-json\/wp\/v2\/media\/29544"}],"wp:attachment":[{"href":"https:\/\/radiostudiow.com.br\/site\/wp-json\/wp\/v2\/media?parent=29543"}],"wp:term":[{"taxonomy":"category","embeddable":true,"href":"https:\/\/radiostudiow.com.br\/site\/wp-json\/wp\/v2\/categories?post=29543"},{"taxonomy":"post_tag","embeddable":true,"href":"https:\/\/radiostudiow.com.br\/site\/wp-json\/wp\/v2\/tags?post=29543"}],"curies":[{"name":"wp","href":"https:\/\/api.w.org\/{rel}","templated":true}]}}