{"id":29546,"date":"2024-10-31T09:31:23","date_gmt":"2024-10-31T12:31:23","guid":{"rendered":"https:\/\/radiostudiow.com.br\/site\/?p=29546"},"modified":"2025-01-31T14:58:17","modified_gmt":"2025-01-31T17:58:17","slug":"fogo-destroi-veiculo-na-br-476-em-antonio-olinto","status":"publish","type":"post","link":"https:\/\/radiostudiow.com.br\/site\/2024\/10\/31\/fogo-destroi-veiculo-na-br-476-em-antonio-olinto\/","title":{"rendered":"Fogo destr\u00f3i ve\u00edculo na BR-476 em Ant\u00f4nio Olinto"},"content":{"rendered":"\n<p>Um ve\u00edculo foi totalmente destru\u00eddo pelo fogo na BR-476, na altura do quil\u00f4metro 257, em Ant\u00f4nio Olinto na tarde desta ter\u00e7a-feira (29).<\/p>\n\n\n\n<figure class=\"wp-block-image size-large\"><img decoding=\"async\" src=\"https:\/\/radiostudiow.com.br\/site\/wp-content\/uploads\/2024\/10\/zm_0002_24AG_anuncio_261x83mm-1024x359.png\" alt=\"\" class=\"wp-image-28224\"\/><\/figure>\n\n\n\n<p>O Corpo de Bombeiros foi acionado por volta de 14:15 horas e encontrou um Fiat\/Palio Fire Economy, de cor preta, em chamas. Segundo os militares, houve perda total.<\/p>\n\n\n\n<p>O carro estava abandonado, n\u00e3o havia ningu\u00e9m pr\u00f3ximo a ocorr\u00eancia e n\u00e3o houve registro de feridos. At\u00e9 o momento, as causas do inc\u00eandio n\u00e3o foram divulgadas.<\/p>\n\n\n\n<figure class=\"wp-block-video\"><video height=\"640\" style=\"aspect-ratio: 360 \/ 640;\" width=\"360\" controls src=\"https:\/\/radiostudiow.com.br\/site\/wp-content\/uploads\/2024\/10\/videoplayback.mp4\"><\/video><\/figure>\n","protected":false},"excerpt":{"rendered":"<p>Um ve\u00edculo foi totalmente destru\u00eddo pelo fogo na BR-476, na altura do quil\u00f4metro 257, em Ant\u00f4nio Olinto na tarde desta ter\u00e7a-feira (29). O Corpo de Bombeiros foi acionado por volta de 14:15 horas e encontrou um Fiat\/Palio Fire Economy, de cor preta, em chamas. Segundo os militares, houve perda total. O carro estava abandonado, n\u00e3o [&hellip;]<\/p>\n","protected":false},"author":2,"featured_media":29580,"comment_status":"open","ping_status":"open","sticky":false,"template":"","format":"standard","meta":{"footnotes":""},"categories":[185],"tags":[172],"class_list":["post-29546","post","type-post","status-publish","format-standard","has-post-thumbnail","hentry","category-regional","tag-featured"],"amp_enabled":true,"_links":{"self":[{"href":"https:\/\/radiostudiow.com.br\/site\/wp-json\/wp\/v2\/posts\/29546","targetHints":{"allow":["GET"]}}],"collection":[{"href":"https:\/\/radiostudiow.com.br\/site\/wp-json\/wp\/v2\/posts"}],"about":[{"href":"https:\/\/radiostudiow.com.br\/site\/wp-json\/wp\/v2\/types\/post"}],"author":[{"embeddable":true,"href":"https:\/\/radiostudiow.com.br\/site\/wp-json\/wp\/v2\/users\/2"}],"replies":[{"embeddable":true,"href":"https:\/\/radiostudiow.com.br\/site\/wp-json\/wp\/v2\/comments?post=29546"}],"version-history":[{"count":2,"href":"https:\/\/radiostudiow.com.br\/site\/wp-json\/wp\/v2\/posts\/29546\/revisions"}],"predecessor-version":[{"id":29581,"href":"https:\/\/radiostudiow.com.br\/site\/wp-json\/wp\/v2\/posts\/29546\/revisions\/29581"}],"wp:featuredmedia":[{"embeddable":true,"href":"https:\/\/radiostudiow.com.br\/site\/wp-json\/wp\/v2\/media\/29580"}],"wp:attachment":[{"href":"https:\/\/radiostudiow.com.br\/site\/wp-json\/wp\/v2\/media?parent=29546"}],"wp:term":[{"taxonomy":"category","embeddable":true,"href":"https:\/\/radiostudiow.com.br\/site\/wp-json\/wp\/v2\/categories?post=29546"},{"taxonomy":"post_tag","embeddable":true,"href":"https:\/\/radiostudiow.com.br\/site\/wp-json\/wp\/v2\/tags?post=29546"}],"curies":[{"name":"wp","href":"https:\/\/api.w.org\/{rel}","templated":true}]}}