{"id":29548,"date":"2024-10-31T09:34:47","date_gmt":"2024-10-31T12:34:47","guid":{"rendered":"https:\/\/radiostudiow.com.br\/site\/?p=29548"},"modified":"2025-01-31T14:58:17","modified_gmt":"2025-01-31T17:58:17","slug":"casal-e-preso-por-aplicar-golpe-do-pix-em-sao-mateus-do-sul","status":"publish","type":"post","link":"https:\/\/radiostudiow.com.br\/site\/2024\/10\/31\/casal-e-preso-por-aplicar-golpe-do-pix-em-sao-mateus-do-sul\/","title":{"rendered":"Casal \u00e9 preso por aplicar golpe do pix em S\u00e3o Mateus do Sul"},"content":{"rendered":"\n<p>A equipe Pol\u00edcia Civil prendeu em flagrante um homem de 29 anos e uma mulher de 35 anos de idade pela pr\u00e1tica do crime de estelionato em um estabelecimento comercial em S\u00e3o Mateus do Sul na tarde dessa ter\u00e7a-feira (29).<\/p>\n\n\n\n<p>Apurou-se que o homem efetuava a compra de produtos da loja via aplicativo de mensagens e enviava comprovantes falsos de transfer\u00eancias banc\u00e1rias para efetivar o pagamento. Ap\u00f3s a libera\u00e7\u00e3o, a mulher foi at\u00e9 o estabelecimento comercial e retirava o bem.<\/p>\n\n\n\n<div class=\"wp-block-media-text is-stacked-on-mobile\"><figure class=\"wp-block-media-text__media\"><img decoding=\"async\" src=\"https:\/\/radiostudiow.com.br\/site\/wp-content\/uploads\/2024\/10\/image-19-1024x1024.png\" alt=\"\" class=\"wp-image-28623 size-full\"\/><\/figure><div class=\"wp-block-media-text__content\">\n<p>AFUBRA IRATI:<br>\ud83d\udccd Rua Coronel Emilio Gomes, 399, Centro &#8211; Irati &#8211; PR<br>\ud83d\udcde(42) 3421-1700<\/p>\n\n\n\n<p>AFUBRA IMBITUVA:<br>\ud83d\udccd RUA Jacobe Brener, 830 &#8211; Centro, Imbituva &#8211; PR<br>\ud83d\udcde(42) 3436-84003<\/p>\n<\/div><\/div>\n\n\n\n<p>Durante a a\u00e7\u00e3o, a mulher foi abordada pela equipe policial retirando o produto dentro da loja e o homem em via p\u00fablica, enquanto aguardava sua companheira consumar o delito.<\/p>\n\n\n\n<p><strong><em>\u201cA Pol\u00edcia Civil ressalta a import\u00e2ncia da colabora\u00e7\u00e3o da popula\u00e7\u00e3o no combate a crimes dessa natureza e orienta os comerciantes a adotarem medidas de precau\u00e7\u00e3o ao realizar transa\u00e7\u00f5es financeiras\u201d, informou a equipe.<\/em><\/strong><\/p>\n","protected":false},"excerpt":{"rendered":"<p>A equipe Pol\u00edcia Civil prendeu em flagrante um homem de 29 anos e uma mulher de 35 anos de idade pela pr\u00e1tica do crime de estelionato em um estabelecimento comercial em S\u00e3o Mateus do Sul na tarde dessa ter\u00e7a-feira (29). Apurou-se que o homem efetuava a compra de produtos da loja via aplicativo de mensagens [&hellip;]<\/p>\n","protected":false},"author":2,"featured_media":21681,"comment_status":"open","ping_status":"open","sticky":false,"template":"","format":"standard","meta":{"footnotes":""},"categories":[2],"tags":[172],"class_list":["post-29548","post","type-post","status-publish","format-standard","has-post-thumbnail","hentry","category-policial","tag-featured"],"amp_enabled":true,"_links":{"self":[{"href":"https:\/\/radiostudiow.com.br\/site\/wp-json\/wp\/v2\/posts\/29548","targetHints":{"allow":["GET"]}}],"collection":[{"href":"https:\/\/radiostudiow.com.br\/site\/wp-json\/wp\/v2\/posts"}],"about":[{"href":"https:\/\/radiostudiow.com.br\/site\/wp-json\/wp\/v2\/types\/post"}],"author":[{"embeddable":true,"href":"https:\/\/radiostudiow.com.br\/site\/wp-json\/wp\/v2\/users\/2"}],"replies":[{"embeddable":true,"href":"https:\/\/radiostudiow.com.br\/site\/wp-json\/wp\/v2\/comments?post=29548"}],"version-history":[{"count":3,"href":"https:\/\/radiostudiow.com.br\/site\/wp-json\/wp\/v2\/posts\/29548\/revisions"}],"predecessor-version":[{"id":29582,"href":"https:\/\/radiostudiow.com.br\/site\/wp-json\/wp\/v2\/posts\/29548\/revisions\/29582"}],"wp:featuredmedia":[{"embeddable":true,"href":"https:\/\/radiostudiow.com.br\/site\/wp-json\/wp\/v2\/media\/21681"}],"wp:attachment":[{"href":"https:\/\/radiostudiow.com.br\/site\/wp-json\/wp\/v2\/media?parent=29548"}],"wp:term":[{"taxonomy":"category","embeddable":true,"href":"https:\/\/radiostudiow.com.br\/site\/wp-json\/wp\/v2\/categories?post=29548"},{"taxonomy":"post_tag","embeddable":true,"href":"https:\/\/radiostudiow.com.br\/site\/wp-json\/wp\/v2\/tags?post=29548"}],"curies":[{"name":"wp","href":"https:\/\/api.w.org\/{rel}","templated":true}]}}