{"id":29588,"date":"2024-10-31T10:13:13","date_gmt":"2024-10-31T13:13:13","guid":{"rendered":"https:\/\/radiostudiow.com.br\/site\/?p=29588"},"modified":"2025-01-31T14:58:17","modified_gmt":"2025-01-31T17:58:17","slug":"caminhao-com-placas-de-general-carneiro-tomba-na-sc-135-em-porto-uniao-motorista-ficou-ferido","status":"publish","type":"post","link":"https:\/\/radiostudiow.com.br\/site\/2024\/10\/31\/caminhao-com-placas-de-general-carneiro-tomba-na-sc-135-em-porto-uniao-motorista-ficou-ferido\/","title":{"rendered":"Caminh\u00e3o com placas de General Carneiro tomba na SC-135 em Porto Uni\u00e3o. Motorista ficou ferido"},"content":{"rendered":"\n<p>O Corpo de Bombeiros Militar de Porto Uni\u00e3o foi acionado para atender a um capotamento de caminh\u00e3o com uma v\u00edtima presa nas ferragens na SC-135 Localidade Pintadinho Interior do munic\u00edpio, por volta das 09:45 horas dessa quarta-feira (30).<\/p>\n\n\n\n<figure class=\"wp-block-image size-full\"><img loading=\"lazy\" decoding=\"async\" width=\"598\" height=\"204\" src=\"https:\/\/radiostudiow.com.br\/site\/wp-content\/uploads\/2024\/10\/labirati.png\" alt=\"\" class=\"wp-image-28854\" srcset=\"https:\/\/radiostudiow.com.br\/site\/wp-content\/uploads\/2024\/10\/labirati.png 598w, https:\/\/radiostudiow.com.br\/site\/wp-content\/uploads\/2024\/10\/labirati-300x102.png 300w\" sizes=\"auto, (max-width: 598px) 100vw, 598px\" \/><\/figure>\n\n\n\n<p>No local, a guarni\u00e7\u00e3o encontrou o caminh\u00e3o, Scania R-124 GA 360 4\u00d72 NZ, lateralizado no acostamento, com o motorista, homem de 53 anos, fora do ve\u00edculo em dec\u00fabito dorsal, consciente, mas desorientado.<\/p>\n\n\n\n<p>Durante a avalia\u00e7\u00e3o prim\u00e1ria n\u00e3o foram constatadas fraturas ou cortes aparentes, exceto por um leve sangramento no ouvido direito. A v\u00edtima relatou dor de cabe\u00e7a e, ao ser questionada, n\u00e3o conseguia informar o que havia ocorrido.<\/p>\n\n\n\n<figure class=\"wp-block-image size-full is-resized\"><img loading=\"lazy\" decoding=\"async\" width=\"900\" height=\"408\" src=\"https:\/\/radiostudiow.com.br\/site\/wp-content\/uploads\/2024\/09\/image-64-1.png\" alt=\"\" class=\"wp-image-28207\" style=\"width:740px;height:auto\" srcset=\"https:\/\/radiostudiow.com.br\/site\/wp-content\/uploads\/2024\/09\/image-64-1.png 900w, https:\/\/radiostudiow.com.br\/site\/wp-content\/uploads\/2024\/09\/image-64-1-300x136.png 300w, https:\/\/radiostudiow.com.br\/site\/wp-content\/uploads\/2024\/09\/image-64-1-768x348.png 768w\" sizes=\"auto, (max-width: 900px) 100vw, 900px\" \/><\/figure>\n\n\n\n<p>Ap\u00f3s a aferi\u00e7\u00e3o dos sinais vitais, que se apresentaram dentro da normalidade, a v\u00edtima foi conduzida ao hospital S\u00e3o Braz para receber os devidos cuidados m\u00e9dicos.<\/p>\n\n\n\n<p><em>Reportagem: Portal Cidade de Uni\u00e3o da Vit\u00f3ria \u2013 \u00a09\u00ba BBM<\/em><\/p>\n\n\n\n<figure class=\"wp-block-image size-full\"><img loading=\"lazy\" decoding=\"async\" width=\"500\" height=\"339\" src=\"https:\/\/radiostudiow.com.br\/site\/wp-content\/uploads\/2024\/10\/03-2.jpg\" alt=\"\" class=\"wp-image-29591\" srcset=\"https:\/\/radiostudiow.com.br\/site\/wp-content\/uploads\/2024\/10\/03-2.jpg 500w, https:\/\/radiostudiow.com.br\/site\/wp-content\/uploads\/2024\/10\/03-2-300x203.jpg 300w\" sizes=\"auto, (max-width: 500px) 100vw, 500px\" \/><\/figure>\n","protected":false},"excerpt":{"rendered":"<p>O Corpo de Bombeiros Militar de Porto Uni\u00e3o foi acionado para atender a um capotamento de caminh\u00e3o com uma v\u00edtima presa nas ferragens na SC-135 Localidade Pintadinho Interior do munic\u00edpio, por volta das 09:45 horas dessa quarta-feira (30). No local, a guarni\u00e7\u00e3o encontrou o caminh\u00e3o, Scania R-124 GA 360 4\u00d72 NZ, lateralizado no acostamento, com [&hellip;]<\/p>\n","protected":false},"author":2,"featured_media":29590,"comment_status":"open","ping_status":"open","sticky":false,"template":"","format":"standard","meta":{"footnotes":""},"categories":[185],"tags":[172],"class_list":["post-29588","post","type-post","status-publish","format-standard","has-post-thumbnail","hentry","category-regional","tag-featured"],"amp_enabled":true,"_links":{"self":[{"href":"https:\/\/radiostudiow.com.br\/site\/wp-json\/wp\/v2\/posts\/29588","targetHints":{"allow":["GET"]}}],"collection":[{"href":"https:\/\/radiostudiow.com.br\/site\/wp-json\/wp\/v2\/posts"}],"about":[{"href":"https:\/\/radiostudiow.com.br\/site\/wp-json\/wp\/v2\/types\/post"}],"author":[{"embeddable":true,"href":"https:\/\/radiostudiow.com.br\/site\/wp-json\/wp\/v2\/users\/2"}],"replies":[{"embeddable":true,"href":"https:\/\/radiostudiow.com.br\/site\/wp-json\/wp\/v2\/comments?post=29588"}],"version-history":[{"count":1,"href":"https:\/\/radiostudiow.com.br\/site\/wp-json\/wp\/v2\/posts\/29588\/revisions"}],"predecessor-version":[{"id":29592,"href":"https:\/\/radiostudiow.com.br\/site\/wp-json\/wp\/v2\/posts\/29588\/revisions\/29592"}],"wp:featuredmedia":[{"embeddable":true,"href":"https:\/\/radiostudiow.com.br\/site\/wp-json\/wp\/v2\/media\/29590"}],"wp:attachment":[{"href":"https:\/\/radiostudiow.com.br\/site\/wp-json\/wp\/v2\/media?parent=29588"}],"wp:term":[{"taxonomy":"category","embeddable":true,"href":"https:\/\/radiostudiow.com.br\/site\/wp-json\/wp\/v2\/categories?post=29588"},{"taxonomy":"post_tag","embeddable":true,"href":"https:\/\/radiostudiow.com.br\/site\/wp-json\/wp\/v2\/tags?post=29588"}],"curies":[{"name":"wp","href":"https:\/\/api.w.org\/{rel}","templated":true}]}}