{"id":29598,"date":"2024-10-31T18:59:30","date_gmt":"2024-10-31T21:59:30","guid":{"rendered":"https:\/\/radiostudiow.com.br\/site\/?p=29598"},"modified":"2025-01-31T14:58:17","modified_gmt":"2025-01-31T17:58:17","slug":"homem-e-preso-por-trafico-de-drogas-em-paula-freitas","status":"publish","type":"post","link":"https:\/\/radiostudiow.com.br\/site\/2024\/10\/31\/homem-e-preso-por-trafico-de-drogas-em-paula-freitas\/","title":{"rendered":"Homem \u00e9 preso por tr\u00e1fico de drogas em Paula Freitas"},"content":{"rendered":"\n<p>A equipe da Pol\u00edcia Militar de Paula Freitas abordou um ve\u00edculo que trafegava em alta velocidade em frente ao destacamento policial nesta madrugada desta quinta-feira (31).<\/p>\n\n\n\n<p>Durante a abordagem, foram realizadas buscas pessoais e veiculares, resultando na apreens\u00e3o de um inv\u00f3lucro pl\u00e1stico com subst\u00e2ncia an\u00e1loga \u00e0 maconha, al\u00e9m de duas pedras de crack.<\/p>\n\n\n\n<figure class=\"wp-block-image size-large\"><img decoding=\"async\" src=\"https:\/\/radiostudiow.com.br\/site\/wp-content\/uploads\/2024\/10\/zm_0002_24AG_anuncio_261x83mm-1024x359.png\" alt=\"\" class=\"wp-image-28224\"\/><\/figure>\n\n\n\n<p>Em busca no ve\u00edculo, foi encontrada uma quantidade maior de maconha. O homem, identificado como o condutor do ve\u00edculo, confessou estar vendendo as drogas para usu\u00e1rios locais.<\/p>\n\n\n\n<p>Diante dos fatos, foi dada voz de pris\u00e3o pelo crime de tr\u00e1fico de drogas, e o suspeito, juntamente com as subst\u00e2ncias apreendidas, foi encaminhado para a 4\u00aa Subdivis\u00e3o Policial para as devidas provid\u00eancias.<\/p>\n","protected":false},"excerpt":{"rendered":"<p>A equipe da Pol\u00edcia Militar de Paula Freitas abordou um ve\u00edculo que trafegava em alta velocidade em frente ao destacamento policial nesta madrugada desta quinta-feira (31). Durante a abordagem, foram realizadas buscas pessoais e veiculares, resultando na apreens\u00e3o de um inv\u00f3lucro pl\u00e1stico com subst\u00e2ncia an\u00e1loga \u00e0 maconha, al\u00e9m de duas pedras de crack. Em busca [&hellip;]<\/p>\n","protected":false},"author":2,"featured_media":29599,"comment_status":"open","ping_status":"open","sticky":false,"template":"","format":"standard","meta":{"footnotes":""},"categories":[2],"tags":[172],"class_list":["post-29598","post","type-post","status-publish","format-standard","has-post-thumbnail","hentry","category-policial","tag-featured"],"amp_enabled":true,"_links":{"self":[{"href":"https:\/\/radiostudiow.com.br\/site\/wp-json\/wp\/v2\/posts\/29598","targetHints":{"allow":["GET"]}}],"collection":[{"href":"https:\/\/radiostudiow.com.br\/site\/wp-json\/wp\/v2\/posts"}],"about":[{"href":"https:\/\/radiostudiow.com.br\/site\/wp-json\/wp\/v2\/types\/post"}],"author":[{"embeddable":true,"href":"https:\/\/radiostudiow.com.br\/site\/wp-json\/wp\/v2\/users\/2"}],"replies":[{"embeddable":true,"href":"https:\/\/radiostudiow.com.br\/site\/wp-json\/wp\/v2\/comments?post=29598"}],"version-history":[{"count":3,"href":"https:\/\/radiostudiow.com.br\/site\/wp-json\/wp\/v2\/posts\/29598\/revisions"}],"predecessor-version":[{"id":29619,"href":"https:\/\/radiostudiow.com.br\/site\/wp-json\/wp\/v2\/posts\/29598\/revisions\/29619"}],"wp:featuredmedia":[{"embeddable":true,"href":"https:\/\/radiostudiow.com.br\/site\/wp-json\/wp\/v2\/media\/29599"}],"wp:attachment":[{"href":"https:\/\/radiostudiow.com.br\/site\/wp-json\/wp\/v2\/media?parent=29598"}],"wp:term":[{"taxonomy":"category","embeddable":true,"href":"https:\/\/radiostudiow.com.br\/site\/wp-json\/wp\/v2\/categories?post=29598"},{"taxonomy":"post_tag","embeddable":true,"href":"https:\/\/radiostudiow.com.br\/site\/wp-json\/wp\/v2\/tags?post=29598"}],"curies":[{"name":"wp","href":"https:\/\/api.w.org\/{rel}","templated":true}]}}