{"id":29607,"date":"2024-11-01T09:57:02","date_gmt":"2024-11-01T12:57:02","guid":{"rendered":"https:\/\/radiostudiow.com.br\/site\/?p=29607"},"modified":"2025-01-31T14:58:16","modified_gmt":"2025-01-31T17:58:16","slug":"idoso-encontrado-no-rio-vermelho-faleceu-por-causas-naturais","status":"publish","type":"post","link":"https:\/\/radiostudiow.com.br\/site\/2024\/11\/01\/idoso-encontrado-no-rio-vermelho-faleceu-por-causas-naturais\/","title":{"rendered":"Idoso encontrado no Rio Vermelho faleceu por causas naturais"},"content":{"rendered":"\n<p>A equipe da Pol\u00edcia Militar foi acionada por volta das 16:30 horas dessa quarta-feira, 30 de outubro, para atender um caso de morte em uma ch\u00e1cara no Rio Vermelho em Uni\u00e3o da Vit\u00f3ria.<\/p>\n\n\n\n<p>A ocorr\u00eancia foi reportada por uma mulher, filha da v\u00edtima, que relatou que seu pai havia ido ao local pela manh\u00e3, por volta das 10 horas, e n\u00e3o havia retornado.<\/p>\n\n\n\n<figure class=\"wp-block-image size-full\"><img loading=\"lazy\" decoding=\"async\" width=\"897\" height=\"204\" src=\"https:\/\/radiostudiow.com.br\/site\/wp-content\/uploads\/2024\/04\/image-7.png\" alt=\"\" class=\"wp-image-21177\" srcset=\"https:\/\/radiostudiow.com.br\/site\/wp-content\/uploads\/2024\/04\/image-7.png 897w, https:\/\/radiostudiow.com.br\/site\/wp-content\/uploads\/2024\/04\/image-7-300x68.png 300w, https:\/\/radiostudiow.com.br\/site\/wp-content\/uploads\/2024\/04\/image-7-768x175.png 768w\" sizes=\"auto, (max-width: 897px) 100vw, 897px\" \/><\/figure>\n\n\n\n<p>Preocupada com a aus\u00eancia do pai, a mulher decidiu ir at\u00e9 a ch\u00e1cara, onde o encontrou ca\u00eddo ao solo, sem sinais vitais. Imediatamente ela acionou as autoridades. <\/p>\n\n\n\n<p>O idoso tinha 67 anos e estava na propriedade coletando mel quando sofreu um mal s\u00fabito e veio a \u00f3bito. O senhor tinha problemas de sa\u00fade pr\u00e9-existentes, incluindo diabetes e doen\u00e7as cardiovasculares.<\/p>\n","protected":false},"excerpt":{"rendered":"<p>A equipe da Pol\u00edcia Militar foi acionada por volta das 16:30 horas dessa quarta-feira, 30 de outubro, para atender um caso de morte em uma ch\u00e1cara no Rio Vermelho em Uni\u00e3o da Vit\u00f3ria. A ocorr\u00eancia foi reportada por uma mulher, filha da v\u00edtima, que relatou que seu pai havia ido ao local pela manh\u00e3, por [&hellip;]<\/p>\n","protected":false},"author":2,"featured_media":29627,"comment_status":"open","ping_status":"open","sticky":false,"template":"","format":"standard","meta":{"footnotes":""},"categories":[185],"tags":[172],"class_list":["post-29607","post","type-post","status-publish","format-standard","has-post-thumbnail","hentry","category-regional","tag-featured"],"amp_enabled":true,"_links":{"self":[{"href":"https:\/\/radiostudiow.com.br\/site\/wp-json\/wp\/v2\/posts\/29607","targetHints":{"allow":["GET"]}}],"collection":[{"href":"https:\/\/radiostudiow.com.br\/site\/wp-json\/wp\/v2\/posts"}],"about":[{"href":"https:\/\/radiostudiow.com.br\/site\/wp-json\/wp\/v2\/types\/post"}],"author":[{"embeddable":true,"href":"https:\/\/radiostudiow.com.br\/site\/wp-json\/wp\/v2\/users\/2"}],"replies":[{"embeddable":true,"href":"https:\/\/radiostudiow.com.br\/site\/wp-json\/wp\/v2\/comments?post=29607"}],"version-history":[{"count":5,"href":"https:\/\/radiostudiow.com.br\/site\/wp-json\/wp\/v2\/posts\/29607\/revisions"}],"predecessor-version":[{"id":29645,"href":"https:\/\/radiostudiow.com.br\/site\/wp-json\/wp\/v2\/posts\/29607\/revisions\/29645"}],"wp:featuredmedia":[{"embeddable":true,"href":"https:\/\/radiostudiow.com.br\/site\/wp-json\/wp\/v2\/media\/29627"}],"wp:attachment":[{"href":"https:\/\/radiostudiow.com.br\/site\/wp-json\/wp\/v2\/media?parent=29607"}],"wp:term":[{"taxonomy":"category","embeddable":true,"href":"https:\/\/radiostudiow.com.br\/site\/wp-json\/wp\/v2\/categories?post=29607"},{"taxonomy":"post_tag","embeddable":true,"href":"https:\/\/radiostudiow.com.br\/site\/wp-json\/wp\/v2\/tags?post=29607"}],"curies":[{"name":"wp","href":"https:\/\/api.w.org\/{rel}","templated":true}]}}