{"id":29609,"date":"2024-11-01T10:13:08","date_gmt":"2024-11-01T13:13:08","guid":{"rendered":"https:\/\/radiostudiow.com.br\/site\/?p=29609"},"modified":"2025-01-31T14:58:16","modified_gmt":"2025-01-31T17:58:16","slug":"fernando-continua-desaparecido-apos-breve-contato-com-a-familia","status":"publish","type":"post","link":"https:\/\/radiostudiow.com.br\/site\/2024\/11\/01\/fernando-continua-desaparecido-apos-breve-contato-com-a-familia\/","title":{"rendered":"Fernando continua desaparecido ap\u00f3s breve contato com a fam\u00edlia"},"content":{"rendered":"\n<p>Fernando Bordignon, de 27 anos, est\u00e1 desaparecido desde o \u00faltimo s\u00e1bado, dia 26, no Uni\u00e3o da Vit\u00f3ria.&nbsp;Nesta quarta-feira, 30, ele enviou dois \u00e1udios para a fam\u00edlia, afirmando que retornaria para casa, mas voltou a desaparecer logo em seguida.<\/p>\n\n\n\n<figure class=\"wp-block-image size-full\"><img loading=\"lazy\" decoding=\"async\" width=\"598\" height=\"204\" src=\"https:\/\/radiostudiow.com.br\/site\/wp-content\/uploads\/2024\/04\/image-12.png\" alt=\"\" class=\"wp-image-21187\" srcset=\"https:\/\/radiostudiow.com.br\/site\/wp-content\/uploads\/2024\/04\/image-12.png 598w, https:\/\/radiostudiow.com.br\/site\/wp-content\/uploads\/2024\/04\/image-12-300x102.png 300w\" sizes=\"auto, (max-width: 598px) 100vw, 598px\" \/><\/figure>\n\n\n\n<p>Segundo a irm\u00e3, os \u00e1udios foram enviados de um n\u00famero desconhecido e, ap\u00f3s a m\u00e3e tentar continuar o contato, as mensagens deixadas de serem respondidas e os \u00e1udios, que tinham apenas dois segundos de dura\u00e7\u00e3o, foram apagados.<\/p>\n\n\n\n<p>Um boletim de ocorr\u00eancia foi registrado pela fam\u00edlia, e nesta quinta, 31, eles planejam levar \u00e0 Pol\u00edcia Civil algumas conversas e prints que podem conter informa\u00e7\u00f5es sobre o paradeiro de Fernando.<\/p>\n\n\n\n<figure class=\"wp-block-image size-full\"><img loading=\"lazy\" decoding=\"async\" width=\"900\" height=\"408\" src=\"https:\/\/radiostudiow.com.br\/site\/wp-content\/uploads\/2024\/09\/image-64-1.png\" alt=\"\" class=\"wp-image-28207\" srcset=\"https:\/\/radiostudiow.com.br\/site\/wp-content\/uploads\/2024\/09\/image-64-1.png 900w, https:\/\/radiostudiow.com.br\/site\/wp-content\/uploads\/2024\/09\/image-64-1-300x136.png 300w, https:\/\/radiostudiow.com.br\/site\/wp-content\/uploads\/2024\/09\/image-64-1-768x348.png 768w\" sizes=\"auto, (max-width: 900px) 100vw, 900px\" \/><\/figure>\n\n\n\n<p>Ele foi visto pela \u00faltima vez saindo de casa no bairro S\u00e3o Braz, por volta das 10h da manh\u00e3, vestindo uma camiseta clara, cal\u00e7a preta com detalhes em branco e t\u00eanis azul.<\/p>\n\n\n\n<p>A pol\u00edcia segue as investiga\u00e7\u00f5es e qualquer informa\u00e7\u00e3o pode ser \u00fatil para localizar Fernando.<\/p>\n","protected":false},"excerpt":{"rendered":"<p>Fernando Bordignon, de 27 anos, est\u00e1 desaparecido desde o \u00faltimo s\u00e1bado, dia 26, no Uni\u00e3o da Vit\u00f3ria.&nbsp;Nesta quarta-feira, 30, ele enviou dois \u00e1udios para a fam\u00edlia, afirmando que retornaria para casa, mas voltou a desaparecer logo em seguida. Segundo a irm\u00e3, os \u00e1udios foram enviados de um n\u00famero desconhecido e, ap\u00f3s a m\u00e3e tentar continuar [&hellip;]<\/p>\n","protected":false},"author":2,"featured_media":29657,"comment_status":"open","ping_status":"open","sticky":false,"template":"","format":"standard","meta":{"footnotes":""},"categories":[185],"tags":[172],"class_list":["post-29609","post","type-post","status-publish","format-standard","has-post-thumbnail","hentry","category-regional","tag-featured"],"amp_enabled":true,"_links":{"self":[{"href":"https:\/\/radiostudiow.com.br\/site\/wp-json\/wp\/v2\/posts\/29609","targetHints":{"allow":["GET"]}}],"collection":[{"href":"https:\/\/radiostudiow.com.br\/site\/wp-json\/wp\/v2\/posts"}],"about":[{"href":"https:\/\/radiostudiow.com.br\/site\/wp-json\/wp\/v2\/types\/post"}],"author":[{"embeddable":true,"href":"https:\/\/radiostudiow.com.br\/site\/wp-json\/wp\/v2\/users\/2"}],"replies":[{"embeddable":true,"href":"https:\/\/radiostudiow.com.br\/site\/wp-json\/wp\/v2\/comments?post=29609"}],"version-history":[{"count":3,"href":"https:\/\/radiostudiow.com.br\/site\/wp-json\/wp\/v2\/posts\/29609\/revisions"}],"predecessor-version":[{"id":29654,"href":"https:\/\/radiostudiow.com.br\/site\/wp-json\/wp\/v2\/posts\/29609\/revisions\/29654"}],"wp:featuredmedia":[{"embeddable":true,"href":"https:\/\/radiostudiow.com.br\/site\/wp-json\/wp\/v2\/media\/29657"}],"wp:attachment":[{"href":"https:\/\/radiostudiow.com.br\/site\/wp-json\/wp\/v2\/media?parent=29609"}],"wp:term":[{"taxonomy":"category","embeddable":true,"href":"https:\/\/radiostudiow.com.br\/site\/wp-json\/wp\/v2\/categories?post=29609"},{"taxonomy":"post_tag","embeddable":true,"href":"https:\/\/radiostudiow.com.br\/site\/wp-json\/wp\/v2\/tags?post=29609"}],"curies":[{"name":"wp","href":"https:\/\/api.w.org\/{rel}","templated":true}]}}