{"id":29613,"date":"2024-11-01T09:55:31","date_gmt":"2024-11-01T12:55:31","guid":{"rendered":"https:\/\/radiostudiow.com.br\/site\/?p=29613"},"modified":"2025-01-31T14:58:17","modified_gmt":"2025-01-31T17:58:17","slug":"caminhao-em-chamas-na-br-476-em-paulo-frontin-assista-ao-video","status":"publish","type":"post","link":"https:\/\/radiostudiow.com.br\/site\/2024\/11\/01\/caminhao-em-chamas-na-br-476-em-paulo-frontin-assista-ao-video\/","title":{"rendered":"Caminh\u00e3o em chamas na BR-476 em Paulo Frontin. Assista ao v\u00eddeo"},"content":{"rendered":"\n<p>Na tarde de hoje quinta-feira, 31 de outubro, uma carreta pegou fogo na BR-476, altura do km 311, em Paulo Frontin.<\/p>\n\n\n\n<figure class=\"wp-block-image size-full\"><img loading=\"lazy\" decoding=\"async\" width=\"590\" height=\"204\" src=\"https:\/\/radiostudiow.com.br\/site\/wp-content\/uploads\/2024\/04\/image-27.png\" alt=\"\" class=\"wp-image-21280\" srcset=\"https:\/\/radiostudiow.com.br\/site\/wp-content\/uploads\/2024\/04\/image-27.png 590w, https:\/\/radiostudiow.com.br\/site\/wp-content\/uploads\/2024\/04\/image-27-300x104.png 300w\" sizes=\"auto, (max-width: 590px) 100vw, 590px\" \/><\/figure>\n\n\n\n<p>Segundo informa\u00e7\u00f5es iniciais, o motorista conseguiu desengatar o cavalinho da carreta antes que o fogo se alastrasse completamente.&nbsp;No entanto, a carroceria foi consumida pelas chamas.<\/p>\n\n\n\n<p>Apesar da gravidade do inc\u00eandio, o tr\u00e2nsito no trecho seguiu normal. Segundo informa\u00e7\u00f5es preliminares, a carreta estava carregada com algod\u00e3o.<\/p>\n\n\n\n<figure class=\"wp-block-video\"><video controls src=\"https:\/\/radiostudiow.com.br\/site\/wp-content\/uploads\/2024\/10\/WhatsApp-Video-2024-10-31-at-13.44.20.mp4\"><\/video><\/figure>\n","protected":false},"excerpt":{"rendered":"<p>Na tarde de hoje quinta-feira, 31 de outubro, uma carreta pegou fogo na BR-476, altura do km 311, em Paulo Frontin. Segundo informa\u00e7\u00f5es iniciais, o motorista conseguiu desengatar o cavalinho da carreta antes que o fogo se alastrasse completamente.&nbsp;No entanto, a carroceria foi consumida pelas chamas. Apesar da gravidade do inc\u00eandio, o tr\u00e2nsito no trecho [&hellip;]<\/p>\n","protected":false},"author":2,"featured_media":29643,"comment_status":"open","ping_status":"open","sticky":false,"template":"","format":"standard","meta":{"footnotes":""},"categories":[185],"tags":[172],"class_list":["post-29613","post","type-post","status-publish","format-standard","has-post-thumbnail","hentry","category-regional","tag-featured"],"amp_enabled":true,"_links":{"self":[{"href":"https:\/\/radiostudiow.com.br\/site\/wp-json\/wp\/v2\/posts\/29613","targetHints":{"allow":["GET"]}}],"collection":[{"href":"https:\/\/radiostudiow.com.br\/site\/wp-json\/wp\/v2\/posts"}],"about":[{"href":"https:\/\/radiostudiow.com.br\/site\/wp-json\/wp\/v2\/types\/post"}],"author":[{"embeddable":true,"href":"https:\/\/radiostudiow.com.br\/site\/wp-json\/wp\/v2\/users\/2"}],"replies":[{"embeddable":true,"href":"https:\/\/radiostudiow.com.br\/site\/wp-json\/wp\/v2\/comments?post=29613"}],"version-history":[{"count":3,"href":"https:\/\/radiostudiow.com.br\/site\/wp-json\/wp\/v2\/posts\/29613\/revisions"}],"predecessor-version":[{"id":29644,"href":"https:\/\/radiostudiow.com.br\/site\/wp-json\/wp\/v2\/posts\/29613\/revisions\/29644"}],"wp:featuredmedia":[{"embeddable":true,"href":"https:\/\/radiostudiow.com.br\/site\/wp-json\/wp\/v2\/media\/29643"}],"wp:attachment":[{"href":"https:\/\/radiostudiow.com.br\/site\/wp-json\/wp\/v2\/media?parent=29613"}],"wp:term":[{"taxonomy":"category","embeddable":true,"href":"https:\/\/radiostudiow.com.br\/site\/wp-json\/wp\/v2\/categories?post=29613"},{"taxonomy":"post_tag","embeddable":true,"href":"https:\/\/radiostudiow.com.br\/site\/wp-json\/wp\/v2\/tags?post=29613"}],"curies":[{"name":"wp","href":"https:\/\/api.w.org\/{rel}","templated":true}]}}