{"id":29691,"date":"2024-11-01T17:46:38","date_gmt":"2024-11-01T20:46:38","guid":{"rendered":"https:\/\/radiostudiow.com.br\/site\/?p=29691"},"modified":"2025-01-31T14:58:16","modified_gmt":"2025-01-31T17:58:16","slug":"policia-prende-mulher-acusada-de-tentativa-de-homicidio","status":"publish","type":"post","link":"https:\/\/radiostudiow.com.br\/site\/2024\/11\/01\/policia-prende-mulher-acusada-de-tentativa-de-homicidio\/","title":{"rendered":"Pol\u00edcia prende mulher acusada de tentativa de homic\u00eddio"},"content":{"rendered":"\n<p>A Pol\u00edcia Civil de S\u00e3o Mateus do Sul, cumpriu um mandado de pris\u00e3o preventiva em desfavor de uma mulher de 24 anos, pela pr\u00e1tica de uma tentativa de homic\u00eddio contra seu ex-companheiro de 26 anos.<\/p>\n\n\n\n<figure class=\"wp-block-image size-full\"><img loading=\"lazy\" decoding=\"async\" width=\"897\" height=\"204\" src=\"https:\/\/radiostudiow.com.br\/site\/wp-content\/uploads\/2024\/08\/TIJOLAO.png\" alt=\"\" class=\"wp-image-25951\" srcset=\"https:\/\/radiostudiow.com.br\/site\/wp-content\/uploads\/2024\/08\/TIJOLAO.png 897w, https:\/\/radiostudiow.com.br\/site\/wp-content\/uploads\/2024\/08\/TIJOLAO-300x68.png 300w, https:\/\/radiostudiow.com.br\/site\/wp-content\/uploads\/2024\/08\/TIJOLAO-768x175.png 768w\" sizes=\"auto, (max-width: 897px) 100vw, 897px\" \/><\/figure>\n\n\n\n<p>O caso ocorreu no dia 24 de agosto de 2024, oportunidade em que a investigada desferiu um golpe de faca no t\u00f3rax da v\u00edtima, agress\u00e3o que resultou em significativa perda de sangue e risco de morte.<\/p>\n\n\n\n<p>Ap\u00f3s os golpes de faca, a mulher ainda efetuou disparos com uma arma de fogo em via p\u00fablica.<\/p>\n\n\n\n<p>Durante as investiga\u00e7\u00f5es, constatou-se que a autora, ap\u00f3s a pr\u00e1tica do crime, mantinha vontade de ceifar a vida da v\u00edtima, o que justificou a representa\u00e7\u00e3o por sua pris\u00e3o preventiva, deferida pelo Poder Judici\u00e1rio.<\/p>\n\n\n\n<figure class=\"wp-block-image size-full\"><img loading=\"lazy\" decoding=\"async\" width=\"900\" height=\"408\" src=\"https:\/\/radiostudiow.com.br\/site\/wp-content\/uploads\/2024\/09\/image-64-1.png\" alt=\"\" class=\"wp-image-28207\" srcset=\"https:\/\/radiostudiow.com.br\/site\/wp-content\/uploads\/2024\/09\/image-64-1.png 900w, https:\/\/radiostudiow.com.br\/site\/wp-content\/uploads\/2024\/09\/image-64-1-300x136.png 300w, https:\/\/radiostudiow.com.br\/site\/wp-content\/uploads\/2024\/09\/image-64-1-768x348.png 768w\" sizes=\"auto, (max-width: 900px) 100vw, 900px\" \/><\/figure>\n\n\n\n<p>O inqu\u00e9rito foi relatado e encaminhado ao Minist\u00e9rio P\u00fablico no m\u00eas de setembro e a pris\u00e3o da suspeita ocorreu no dia 30 de outubro de 2024.<\/p>\n\n\n\n<p>A PCPR solicita o apoio da popula\u00e7\u00e3o para novas den\u00fancias que auxiliem na investiga\u00e7\u00e3o de crimes. As den\u00fancias podem ser feitas de forma an\u00f4nima pelo telefone (42) 3532-3190 (WhatsApp) ou pelo 181.<\/p>\n","protected":false},"excerpt":{"rendered":"<p>A Pol\u00edcia Civil de S\u00e3o Mateus do Sul, cumpriu um mandado de pris\u00e3o preventiva em desfavor de uma mulher de 24 anos, pela pr\u00e1tica de uma tentativa de homic\u00eddio contra seu ex-companheiro de 26 anos. O caso ocorreu no dia 24 de agosto de 2024, oportunidade em que a investigada desferiu um golpe de faca [&hellip;]<\/p>\n","protected":false},"author":2,"featured_media":16931,"comment_status":"open","ping_status":"open","sticky":false,"template":"","format":"standard","meta":{"footnotes":""},"categories":[2],"tags":[172],"class_list":["post-29691","post","type-post","status-publish","format-standard","has-post-thumbnail","hentry","category-policial","tag-featured"],"amp_enabled":true,"_links":{"self":[{"href":"https:\/\/radiostudiow.com.br\/site\/wp-json\/wp\/v2\/posts\/29691","targetHints":{"allow":["GET"]}}],"collection":[{"href":"https:\/\/radiostudiow.com.br\/site\/wp-json\/wp\/v2\/posts"}],"about":[{"href":"https:\/\/radiostudiow.com.br\/site\/wp-json\/wp\/v2\/types\/post"}],"author":[{"embeddable":true,"href":"https:\/\/radiostudiow.com.br\/site\/wp-json\/wp\/v2\/users\/2"}],"replies":[{"embeddable":true,"href":"https:\/\/radiostudiow.com.br\/site\/wp-json\/wp\/v2\/comments?post=29691"}],"version-history":[{"count":2,"href":"https:\/\/radiostudiow.com.br\/site\/wp-json\/wp\/v2\/posts\/29691\/revisions"}],"predecessor-version":[{"id":29693,"href":"https:\/\/radiostudiow.com.br\/site\/wp-json\/wp\/v2\/posts\/29691\/revisions\/29693"}],"wp:featuredmedia":[{"embeddable":true,"href":"https:\/\/radiostudiow.com.br\/site\/wp-json\/wp\/v2\/media\/16931"}],"wp:attachment":[{"href":"https:\/\/radiostudiow.com.br\/site\/wp-json\/wp\/v2\/media?parent=29691"}],"wp:term":[{"taxonomy":"category","embeddable":true,"href":"https:\/\/radiostudiow.com.br\/site\/wp-json\/wp\/v2\/categories?post=29691"},{"taxonomy":"post_tag","embeddable":true,"href":"https:\/\/radiostudiow.com.br\/site\/wp-json\/wp\/v2\/tags?post=29691"}],"curies":[{"name":"wp","href":"https:\/\/api.w.org\/{rel}","templated":true}]}}