{"id":29701,"date":"2024-11-01T18:34:31","date_gmt":"2024-11-01T21:34:31","guid":{"rendered":"https:\/\/radiostudiow.com.br\/site\/?p=29701"},"modified":"2025-01-31T14:58:16","modified_gmt":"2025-01-31T17:58:16","slug":"piracema-proibicao-de-pesca-predatoria-na-bacia-do-rio-parana-comecou-hoje","status":"publish","type":"post","link":"https:\/\/radiostudiow.com.br\/site\/2024\/11\/01\/piracema-proibicao-de-pesca-predatoria-na-bacia-do-rio-parana-comecou-hoje\/","title":{"rendered":"Piracema: Proibi\u00e7\u00e3o de pesca predat\u00f3ria na Bacia do Rio Paran\u00e1 come\u00e7ou hoje"},"content":{"rendered":"\n<p>O Paran\u00e1 entra, a partir de sexta-feira, 01, no per\u00edodo de defeso da Piracema, ciclo de restri\u00e7\u00e3o \u00e0 pesca de esp\u00e9cies nativas para preservar a reprodu\u00e7\u00e3o natural dos peixes na bacia hidrogr\u00e1fica do Rio Paran\u00e1.<\/p>\n\n\n\n<p>A a\u00e7\u00e3o \u00e9 normatizada pela Portaria IAT 377\/2022 e vale at\u00e9 28 de fevereiro de 2025. A fiscaliza\u00e7\u00e3o ser\u00e1 organizada pelo Instituto \u00c1gua e Terra (IAT) com suporte do Batalh\u00e3o de Pol\u00edcia Ambiental-For\u00e7a Verde (BPAmb-FV).<\/p>\n\n\n\n\n\n<p>No \u00faltimo per\u00edodo de defeso, entre novembro de 2023 e fevereiro de 2024, foram lavrados 92 Autos de Infra\u00e7\u00e3o Ambiental (AIA), com multas que totalizaram R$ 265 mil.<\/p>\n\n\n\n<p>Houve ainda a apreens\u00e3o de 194,68 quilos de peixe, al\u00e9m de materiais e equipamentos como redes de pesca, molinetes, carretilhas, anz\u00f3is, entre outras ferramentas de pesca utilizadas irregularmente.<\/p>\n\n\n\n<p>A restri\u00e7\u00e3o de pesca \u00e9 determinada pelo \u00f3rg\u00e3o ambiental h\u00e1 quase duas d\u00e9cadas, em cumprimento \u00e0&nbsp;<a href=\"https:\/\/www.ibama.gov.br\/component\/legislacao\/?view=legislacao&amp;legislacao=115161\" target=\"_blank\" rel=\"noreferrer noopener\">Instru\u00e7\u00e3o Normativa n\u00ba 25\/2009<\/a>&nbsp;do Instituto Brasileiro do Meio Ambiente e dos Recursos Naturais Renov\u00e1veis (Ibama). O IAT \u00e9 um \u00f3rg\u00e3o vinculado \u00e0 Secretaria do Desenvolvimento Sustent\u00e1vel (Sedest), respons\u00e1vel, tamb\u00e9m, pela fiscaliza\u00e7\u00e3o do cumprimento das regras na pesca.<\/p>\n\n\n\n<p>Considerando o comportamento migrat\u00f3rio e de reprodu\u00e7\u00e3o das esp\u00e9cies nativas, a pesca \u00e9 proibida na bacia hidrogr\u00e1fica do Rio Paran\u00e1, que compreende o rio principal, seus formadores, afluentes, lagos, lagoas marginais, reservat\u00f3rios e demais cole\u00e7\u00f5es de \u00e1gua inseridas na bacia de contribui\u00e7\u00e3o do rio.<\/p>\n\n\n\n<p>Entre as esp\u00e9cies protegidas no per\u00edodo est\u00e3o bagre, dourado, ja\u00fa, pintado, lambari, mandi-amarelo, mandi-prata e piracanjuva.<\/p>\n\n\n\n<p>N\u00e3o entram na restri\u00e7\u00e3o peixes considerados ex\u00f3ticos, que foram introduzidos no meio ambiente pelo homem, como bagre-africano, apaiari, black-bass, carpa, corvina, peixe-rei, sardinha-de-\u00e1gua-doce, piranha-preta, til\u00e1pia, tucunar\u00e9 e zoiudo. Tamb\u00e9m n\u00e3o entram esp\u00e9cies h\u00edbridas, que s\u00e3o organismos resultantes do cruzamento de duas esp\u00e9cies.<\/p>\n\n\n\n<p>A lei de crimes ambientais define multas de aproximadamente R$ 1.200 por pescador e mais de R$ 20 por quilo de peixe pescado.<\/p>\n\n\n\n<p>Al\u00e9m disso, os materiais de pesca, como varas, redes e embarca\u00e7\u00f5es, podem ser apreendidos se ficar comprovada a retirada de esp\u00e9cies nativas durante o defeso, com cobran\u00e7a de R$ 100 por apetrecho recolhido. O transporte e a comercializa\u00e7\u00e3o tamb\u00e9m s\u00e3o fiscalizados no per\u00edodo.<\/p>\n\n\n\n<p><em>\u201cAssim que constatada qualquer irregularidade, os infratores ter\u00e3o os peixes apreendidos, o que tamb\u00e9m pode acontecer com os barcos. E, nos casos de pris\u00e3o, o respons\u00e1vel \u00e9 encaminhado ao Minist\u00e9rio P\u00fablico<\/em>\u201d, explicou o gerente de Monitoramento e Fiscaliza\u00e7\u00e3o do IAT, \u00c1lvaro C\u00e9sar de Goes.<\/p>\n\n\n\n<p><em>\u201cAl\u00e9m da import\u00e2ncia da conserva\u00e7\u00e3o das esp\u00e9cies nativas, o defeso tem papel socioambiental, despertando consci\u00eancia ecol\u00f3gica nos turistas e pescadores\u201d,&nbsp;<\/em>acrescentou ele.<\/p>\n\n\n\n<p><strong>ESTIAGEM&nbsp;<\/strong>\u2013 Al\u00e9m do defeso da Piracema, o Paran\u00e1 restringiu a atividade pesqueira em algumas bacias em raz\u00e3o do per\u00edodo cr\u00edtico de escassez h\u00eddrica em decorr\u00eancia da longa estiagem no Estado, de acordo com a Portaria n\u00ba 381\/2024. A medida abrange as Bacias Hidrogr\u00e1ficas do Rio das Cinzas, Iva\u00ed, Itarar\u00e9, Paranapanema 4, Piquiri, Pirap\u00f3 e Tibagi.<\/p>\n\n\n\n<p>O texto tamb\u00e9m pro\u00edbe o transporte de pescados sem a devida comprova\u00e7\u00e3o de origem nessas \u00e1reas. A decis\u00e3o \u00e9 por tempo indeterminado, at\u00e9 que os rios das regi\u00f5es voltem ao n\u00edvel normal e possibilite assim a dispers\u00e3o dos cardumes.<\/p>\n\n\n\n<p>A Portaria, por\u00e9m, autoriza a pesca em ambientes l\u00eanticos (de \u00e1guas sem corrente), ou seja, em reservat\u00f3rios, lagos das represas e lagoas marginais. Para esp\u00e9cies nativas, novamente na modalidade \u201cpesque e solte\u201d, e para esp\u00e9cies ex\u00f3ticas, como a til\u00e1pia e o black-bass, inclui a permiss\u00e3o para retirada.<\/p>\n\n\n\n<p><a target=\"_blank\" href=\"mailto:?subject=Piracema:%20proibi%C3%A7%C3%A3o%20de%20pesca%20predat%C3%B3ria%20na%20Bacia%20do%20Rio%20Paran%C3%A1%20come%C3%A7a%20dia%2001\/11&amp;body=https:\/\/www.vvale.com.br\/servico\/piracema-proibicao-de-pesca-predatoria-na-bacia-do-rio-parana-comeca-dia-01-11\/\" rel=\"noreferrer noopener\"><\/a><\/p>\n","protected":false},"excerpt":{"rendered":"<p>O Paran\u00e1 entra, a partir de sexta-feira, 01, no per\u00edodo de defeso da Piracema, ciclo de restri\u00e7\u00e3o \u00e0 pesca de esp\u00e9cies nativas para preservar a reprodu\u00e7\u00e3o natural dos peixes na bacia hidrogr\u00e1fica do Rio Paran\u00e1. A a\u00e7\u00e3o \u00e9 normatizada pela Portaria IAT 377\/2022 e vale at\u00e9 28 de fevereiro de 2025. A fiscaliza\u00e7\u00e3o ser\u00e1 organizada [&hellip;]<\/p>\n","protected":false},"author":2,"featured_media":29710,"comment_status":"open","ping_status":"open","sticky":false,"template":"","format":"standard","meta":{"footnotes":""},"categories":[2],"tags":[172],"class_list":["post-29701","post","type-post","status-publish","format-standard","has-post-thumbnail","hentry","category-policial","tag-featured"],"amp_enabled":true,"_links":{"self":[{"href":"https:\/\/radiostudiow.com.br\/site\/wp-json\/wp\/v2\/posts\/29701","targetHints":{"allow":["GET"]}}],"collection":[{"href":"https:\/\/radiostudiow.com.br\/site\/wp-json\/wp\/v2\/posts"}],"about":[{"href":"https:\/\/radiostudiow.com.br\/site\/wp-json\/wp\/v2\/types\/post"}],"author":[{"embeddable":true,"href":"https:\/\/radiostudiow.com.br\/site\/wp-json\/wp\/v2\/users\/2"}],"replies":[{"embeddable":true,"href":"https:\/\/radiostudiow.com.br\/site\/wp-json\/wp\/v2\/comments?post=29701"}],"version-history":[{"count":2,"href":"https:\/\/radiostudiow.com.br\/site\/wp-json\/wp\/v2\/posts\/29701\/revisions"}],"predecessor-version":[{"id":29711,"href":"https:\/\/radiostudiow.com.br\/site\/wp-json\/wp\/v2\/posts\/29701\/revisions\/29711"}],"wp:featuredmedia":[{"embeddable":true,"href":"https:\/\/radiostudiow.com.br\/site\/wp-json\/wp\/v2\/media\/29710"}],"wp:attachment":[{"href":"https:\/\/radiostudiow.com.br\/site\/wp-json\/wp\/v2\/media?parent=29701"}],"wp:term":[{"taxonomy":"category","embeddable":true,"href":"https:\/\/radiostudiow.com.br\/site\/wp-json\/wp\/v2\/categories?post=29701"},{"taxonomy":"post_tag","embeddable":true,"href":"https:\/\/radiostudiow.com.br\/site\/wp-json\/wp\/v2\/tags?post=29701"}],"curies":[{"name":"wp","href":"https:\/\/api.w.org\/{rel}","templated":true}]}}