{"id":29704,"date":"2024-11-01T18:31:49","date_gmt":"2024-11-01T21:31:49","guid":{"rendered":"https:\/\/radiostudiow.com.br\/site\/?p=29704"},"modified":"2025-01-31T14:58:16","modified_gmt":"2025-01-31T17:58:16","slug":"homem-de-49-anos-desaparece-em-cruz-machado-apos-sair-para-trabalhar","status":"publish","type":"post","link":"https:\/\/radiostudiow.com.br\/site\/2024\/11\/01\/homem-de-49-anos-desaparece-em-cruz-machado-apos-sair-para-trabalhar\/","title":{"rendered":"Homem de 49 anos desaparece em Cruz Machado ap\u00f3s sair para trabalhar"},"content":{"rendered":"\n<p>A comunidade de Cruz Machado est\u00e1 em alerta com o desaparecimento do senhor\u00a0Geneus Martins dos Santos, de 49 anos, que n\u00e3o \u00e9 visto desde o dia\u00a018 de outubro.<\/p>\n\n\n\n<p>Segundo informa\u00e7\u00f5es da fam\u00edlia, Geneus saiu de casa na manh\u00e3 daquele dia para trabalhar na colheita de erva-mate e desde ent\u00e3o n\u00e3o deu mais not\u00edcias.<\/p>\n\n\n\n<figure class=\"wp-block-image size-large\"><img decoding=\"async\" src=\"https:\/\/radiostudiow.com.br\/site\/wp-content\/uploads\/2024\/10\/image-64-1024x1024.png\" alt=\"\" class=\"wp-image-29382\"\/><\/figure>\n\n\n\n<p>Preocupados, familiares registraram um boletim de ocorr\u00eancia e seguem em busca de informa\u00e7\u00f5es que podem ajudar a localiz\u00e1-lo.<\/p>\n\n\n\n<p>Qualquer pessoa que tenha informa\u00e7\u00f5es sobre o paradeiro de Geneus Martins dos Santos pode entrar em contato com a pol\u00edcia para auxiliar nas buscas.<\/p>\n","protected":false},"excerpt":{"rendered":"<p>A comunidade de Cruz Machado est\u00e1 em alerta com o desaparecimento do senhor\u00a0Geneus Martins dos Santos, de 49 anos, que n\u00e3o \u00e9 visto desde o dia\u00a018 de outubro. Segundo informa\u00e7\u00f5es da fam\u00edlia, Geneus saiu de casa na manh\u00e3 daquele dia para trabalhar na colheita de erva-mate e desde ent\u00e3o n\u00e3o deu mais not\u00edcias. Preocupados, familiares [&hellip;]<\/p>\n","protected":false},"author":2,"featured_media":29707,"comment_status":"open","ping_status":"open","sticky":false,"template":"","format":"standard","meta":{"footnotes":""},"categories":[2],"tags":[172],"class_list":["post-29704","post","type-post","status-publish","format-standard","has-post-thumbnail","hentry","category-policial","tag-featured"],"amp_enabled":true,"_links":{"self":[{"href":"https:\/\/radiostudiow.com.br\/site\/wp-json\/wp\/v2\/posts\/29704","targetHints":{"allow":["GET"]}}],"collection":[{"href":"https:\/\/radiostudiow.com.br\/site\/wp-json\/wp\/v2\/posts"}],"about":[{"href":"https:\/\/radiostudiow.com.br\/site\/wp-json\/wp\/v2\/types\/post"}],"author":[{"embeddable":true,"href":"https:\/\/radiostudiow.com.br\/site\/wp-json\/wp\/v2\/users\/2"}],"replies":[{"embeddable":true,"href":"https:\/\/radiostudiow.com.br\/site\/wp-json\/wp\/v2\/comments?post=29704"}],"version-history":[{"count":2,"href":"https:\/\/radiostudiow.com.br\/site\/wp-json\/wp\/v2\/posts\/29704\/revisions"}],"predecessor-version":[{"id":29708,"href":"https:\/\/radiostudiow.com.br\/site\/wp-json\/wp\/v2\/posts\/29704\/revisions\/29708"}],"wp:featuredmedia":[{"embeddable":true,"href":"https:\/\/radiostudiow.com.br\/site\/wp-json\/wp\/v2\/media\/29707"}],"wp:attachment":[{"href":"https:\/\/radiostudiow.com.br\/site\/wp-json\/wp\/v2\/media?parent=29704"}],"wp:term":[{"taxonomy":"category","embeddable":true,"href":"https:\/\/radiostudiow.com.br\/site\/wp-json\/wp\/v2\/categories?post=29704"},{"taxonomy":"post_tag","embeddable":true,"href":"https:\/\/radiostudiow.com.br\/site\/wp-json\/wp\/v2\/tags?post=29704"}],"curies":[{"name":"wp","href":"https:\/\/api.w.org\/{rel}","templated":true}]}}