{"id":29716,"date":"2024-11-04T09:39:39","date_gmt":"2024-11-04T12:39:39","guid":{"rendered":"https:\/\/radiostudiow.com.br\/site\/?p=29716"},"modified":"2025-01-31T14:58:16","modified_gmt":"2025-01-31T17:58:16","slug":"dois-acidentes-registrados-na-br-153-em-general-carneiro-um-deles-com-obito","status":"publish","type":"post","link":"https:\/\/radiostudiow.com.br\/site\/2024\/11\/04\/dois-acidentes-registrados-na-br-153-em-general-carneiro-um-deles-com-obito\/","title":{"rendered":"Dois acidentes registrados na BR-153 em General Carneiro. Um deles com \u00f3bito"},"content":{"rendered":"\n<p>Um grave acidente na BR-153, km 495, em General Carneiro, resultou na morte do condutor de uma caminhonete GM\/S10 com placas de Palmas.<\/p>\n\n\n\n<p>O acidente ocorreu por volta das 07 horas da manh\u00e3 deste s\u00e1bado, 02 de Novembro, quando a caminhonete colidiu com uma carreta.<\/p>\n\n\n\n<figure class=\"wp-block-gallery has-nested-images columns-default is-cropped wp-block-gallery-1 is-layout-flex wp-block-gallery-is-layout-flex\">\n<figure class=\"wp-block-image size-large\"><img loading=\"lazy\" decoding=\"async\" width=\"720\" height=\"540\" data-id=\"29719\" src=\"https:\/\/radiostudiow.com.br\/site\/wp-content\/uploads\/2024\/11\/WhatsApp-Image-2024-11-02-at-08.24.23-1-720x540-1.jpeg\" alt=\"\" class=\"wp-image-29719\" srcset=\"https:\/\/radiostudiow.com.br\/site\/wp-content\/uploads\/2024\/11\/WhatsApp-Image-2024-11-02-at-08.24.23-1-720x540-1.jpeg 720w, https:\/\/radiostudiow.com.br\/site\/wp-content\/uploads\/2024\/11\/WhatsApp-Image-2024-11-02-at-08.24.23-1-720x540-1-300x225.jpeg 300w\" sizes=\"auto, (max-width: 720px) 100vw, 720px\" \/><\/figure>\n\n\n\n<figure class=\"wp-block-image size-large\"><img loading=\"lazy\" decoding=\"async\" width=\"685\" height=\"600\" data-id=\"29717\" src=\"https:\/\/radiostudiow.com.br\/site\/wp-content\/uploads\/2024\/11\/WhatsApp-Image-2024-11-02-at-10.01.46-685x600-1.jpeg\" alt=\"\" class=\"wp-image-29717\" srcset=\"https:\/\/radiostudiow.com.br\/site\/wp-content\/uploads\/2024\/11\/WhatsApp-Image-2024-11-02-at-10.01.46-685x600-1.jpeg 685w, https:\/\/radiostudiow.com.br\/site\/wp-content\/uploads\/2024\/11\/WhatsApp-Image-2024-11-02-at-10.01.46-685x600-1-300x263.jpeg 300w\" sizes=\"auto, (max-width: 685px) 100vw, 685px\" \/><\/figure>\n<\/figure>\n\n\n\n<p>Equipes de emerg\u00eancia estavam no local prestando atendimento \u00e0s v\u00edtimas quando, cerca de oito quil\u00f4metros \u00e0 frente, no km 503, um segundo acidente envolvendo outra carreta foi registrado.<\/p>\n\n\n\n<p>Autoridades recomendam cautela aos motoristas que trafegam pela regi\u00e3o, devido ao aumento do tr\u00e1fego e \u00e0 necessidade de desvio de rotas.<\/p>\n\n\n\n<figure class=\"wp-block-image size-full is-resized\"><img loading=\"lazy\" decoding=\"async\" width=\"720\" height=\"540\" src=\"https:\/\/radiostudiow.com.br\/site\/wp-content\/uploads\/2024\/11\/WhatsApp-Image-2024-11-02-at-08.24.09-720x540-1.jpeg\" alt=\"\" class=\"wp-image-29720\" style=\"width:705px;height:auto\" srcset=\"https:\/\/radiostudiow.com.br\/site\/wp-content\/uploads\/2024\/11\/WhatsApp-Image-2024-11-02-at-08.24.09-720x540-1.jpeg 720w, https:\/\/radiostudiow.com.br\/site\/wp-content\/uploads\/2024\/11\/WhatsApp-Image-2024-11-02-at-08.24.09-720x540-1-300x225.jpeg 300w\" sizes=\"auto, (max-width: 720px) 100vw, 720px\" \/><figcaption class=\"wp-element-caption\">Segundo acidente envolvendo outra carreta foi registrado no km 503<\/figcaption><\/figure>\n","protected":false},"excerpt":{"rendered":"<p>Um grave acidente na BR-153, km 495, em General Carneiro, resultou na morte do condutor de uma caminhonete GM\/S10 com placas de Palmas. O acidente ocorreu por volta das 07 horas da manh\u00e3 deste s\u00e1bado, 02 de Novembro, quando a caminhonete colidiu com uma carreta. Equipes de emerg\u00eancia estavam no local prestando atendimento \u00e0s v\u00edtimas [&hellip;]<\/p>\n","protected":false},"author":2,"featured_media":29718,"comment_status":"open","ping_status":"open","sticky":false,"template":"","format":"standard","meta":{"footnotes":""},"categories":[185],"tags":[172],"class_list":["post-29716","post","type-post","status-publish","format-standard","has-post-thumbnail","hentry","category-regional","tag-featured"],"amp_enabled":true,"_links":{"self":[{"href":"https:\/\/radiostudiow.com.br\/site\/wp-json\/wp\/v2\/posts\/29716","targetHints":{"allow":["GET"]}}],"collection":[{"href":"https:\/\/radiostudiow.com.br\/site\/wp-json\/wp\/v2\/posts"}],"about":[{"href":"https:\/\/radiostudiow.com.br\/site\/wp-json\/wp\/v2\/types\/post"}],"author":[{"embeddable":true,"href":"https:\/\/radiostudiow.com.br\/site\/wp-json\/wp\/v2\/users\/2"}],"replies":[{"embeddable":true,"href":"https:\/\/radiostudiow.com.br\/site\/wp-json\/wp\/v2\/comments?post=29716"}],"version-history":[{"count":1,"href":"https:\/\/radiostudiow.com.br\/site\/wp-json\/wp\/v2\/posts\/29716\/revisions"}],"predecessor-version":[{"id":29721,"href":"https:\/\/radiostudiow.com.br\/site\/wp-json\/wp\/v2\/posts\/29716\/revisions\/29721"}],"wp:featuredmedia":[{"embeddable":true,"href":"https:\/\/radiostudiow.com.br\/site\/wp-json\/wp\/v2\/media\/29718"}],"wp:attachment":[{"href":"https:\/\/radiostudiow.com.br\/site\/wp-json\/wp\/v2\/media?parent=29716"}],"wp:term":[{"taxonomy":"category","embeddable":true,"href":"https:\/\/radiostudiow.com.br\/site\/wp-json\/wp\/v2\/categories?post=29716"},{"taxonomy":"post_tag","embeddable":true,"href":"https:\/\/radiostudiow.com.br\/site\/wp-json\/wp\/v2\/tags?post=29716"}],"curies":[{"name":"wp","href":"https:\/\/api.w.org\/{rel}","templated":true}]}}