{"id":29728,"date":"2024-11-04T09:50:59","date_gmt":"2024-11-04T12:50:59","guid":{"rendered":"https:\/\/radiostudiow.com.br\/site\/?p=29728"},"modified":"2025-01-31T14:58:16","modified_gmt":"2025-01-31T17:58:16","slug":"casal-e-condenado-por-morte-de-bebe-recem-nascida","status":"publish","type":"post","link":"https:\/\/radiostudiow.com.br\/site\/2024\/11\/04\/casal-e-condenado-por-morte-de-bebe-recem-nascida\/","title":{"rendered":"Casal \u00e9 condenado por morte de beb\u00ea rec\u00e9m-nascida em Ca\u00e7ador"},"content":{"rendered":"\n<p>O casal que matou e enterrou uma beb\u00ea rec\u00e9m-nascida na cozinha de casa h\u00e1 exatamente um ano foi julgado e condenado pelo Tribunal do J\u00fari de Ca\u00e7ador.<\/p>\n\n\n\n<p>A sess\u00e3o aconteceu no f\u00f3rum da comarca, com base na den\u00fancia do Minist\u00e9rio P\u00fablico de Santa Catarina (MPSC), e teve 17 horas de dura\u00e7\u00e3o.<\/p>\n\n\n\n<figure class=\"wp-block-image size-full\"><img loading=\"lazy\" decoding=\"async\" width=\"598\" height=\"204\" src=\"https:\/\/radiostudiow.com.br\/site\/wp-content\/uploads\/2024\/10\/labirati.png\" alt=\"\" class=\"wp-image-28854\" srcset=\"https:\/\/radiostudiow.com.br\/site\/wp-content\/uploads\/2024\/10\/labirati.png 598w, https:\/\/radiostudiow.com.br\/site\/wp-content\/uploads\/2024\/10\/labirati-300x102.png 300w\" sizes=\"auto, (max-width: 598px) 100vw, 598px\" \/><\/figure>\n\n\n\n<p>Os trabalhos come\u00e7aram \u00e0s 9 horas da manh\u00e3 de sexta-feira, 01, e s\u00f3 terminou \u00e0s 2 horas da madrugada deste s\u00e1bado, 02, com a leitura da senten\u00e7a e a fixa\u00e7\u00e3o das penas de 28 anos de pris\u00e3o para o homem e de 30 anos para a mulher.\u00a0<\/p>\n\n\n\n<p>Segundo consta nos autos,\u00a0os r\u00e9us s\u00e3o casados e t\u00eam dois filhos, mas se separaram durante um determinado per\u00edodo, e a mulher acabou engravidando de outro homem.<\/p>\n\n\n\n<blockquote class=\"wp-block-quote is-layout-flow wp-block-quote-is-layout-flow\">\n<p class=\"has-text-align-center\"><strong>Eles reataram a rela\u00e7\u00e3o durante a gesta\u00e7\u00e3o, mas decidiram que a beb\u00ea n\u00e3o poderia viver e a mataram assim que ela nasceu, enterrando o corpo em um buraco cavado embaixo da geladeira, dentro de uma mochila e enrolado em um saco de lixo preto.<\/strong><\/p>\n<\/blockquote>\n\n\n\n<p>Inicialmente, os r\u00e9us contaram para pessoas pr\u00f3ximas que haviam entregado a crian\u00e7a para o pai biol\u00f3gico, mas logo o caso veio \u00e0 tona, e eles foram presos preventivamente.<\/p>\n\n\n\n<p>O julgamento foi acompanhado por familiares dos r\u00e9us.<\/p>\n\n\n\n<p>O Promotor de Justi\u00e7a Diego Bertoldi conduziu a acusa\u00e7\u00e3o, apresentando todas as provas coletadas ao longo das investiga\u00e7\u00f5es e usando a r\u00e9plica para desmantelar a tentativa dos advogados de defesa de minimizar as responsabilidades dos clientes no contexto dos fatos.<\/p>\n\n\n\n<p><strong><em>\u201cA crueldade deste crime n\u00e3o pode ser subestimada. Um ato cometido contra a vida de um ser absolutamente indefeso exige uma resposta firme\u201d, disse ele.\u00a0\u00a0<\/em><\/strong><\/p>\n\n\n\n<figure class=\"wp-block-image size-full\"><img loading=\"lazy\" decoding=\"async\" width=\"434\" height=\"248\" src=\"https:\/\/radiostudiow.com.br\/site\/wp-content\/uploads\/2024\/11\/image-19.png\" alt=\"\" class=\"wp-image-29729\" srcset=\"https:\/\/radiostudiow.com.br\/site\/wp-content\/uploads\/2024\/11\/image-19.png 434w, https:\/\/radiostudiow.com.br\/site\/wp-content\/uploads\/2024\/11\/image-19-300x171.png 300w\" sizes=\"auto, (max-width: 434px) 100vw, 434px\" \/><figcaption class=\"wp-element-caption\">Divulga\u00e7\u00e3o Pol\u00edcia Civil<\/figcaption><\/figure>\n\n\n\n<p>Ap\u00f3s ouvir os depoimentos das testemunhas, os interrogat\u00f3rios dos acusados e os debates entre a acusa\u00e7\u00e3o e a defesa, os jurados decidiram condenar os r\u00e9us por homic\u00eddio com quatro qualificadoras e absolver a mulher do crime de oculta\u00e7\u00e3o de cad\u00e1ver, imputando-o somente ao homem.<\/p>\n\n\n\n<p>As qualificadoras s\u00e3o o motivo torpe, pois o crime foi praticado porque a beb\u00ea era de outro homem; a asfixia, pois os r\u00e9us fizeram a crian\u00e7a inalar \u00e1lcool et\u00edlico at\u00e9 morrer; o recurso que dificultou a defesa, pois a beb\u00ea n\u00e3o p\u00f4de oferecer qualquer rea\u00e7\u00e3o ao ataque em raz\u00e3o da tenra idade; e o fato de a v\u00edtima ter menos de 14 anos e ser considerada vulner\u00e1vel.<\/p>\n\n\n\n<p>Assim que o julgamento terminou, os r\u00e9us foram reconduzidos ao pres\u00eddio para o cumprimento das penas e n\u00e3o poder\u00e3o recorrer em liberdade.<\/p>\n\n\n\n<p>O Promotor de Justi\u00e7a Diego Bertoldi conclui dizendo que a condena\u00e7\u00e3o \u00e9 essencial n\u00e3o apenas para punir os respons\u00e1veis, mas tamb\u00e9m para reafirmar que a sociedade n\u00e3o tolera esse tipo de brutalidade.&nbsp;<em><strong>\u201cA decis\u00e3o do Tribunal do J\u00fari reflete a gravidade do ato e o compromisso de todos n\u00f3s em proteger os mais vulner\u00e1veis\u201d, diz ele.&nbsp;&nbsp;<\/strong><\/em><\/p>\n\n\n\n<figure class=\"wp-block-image size-full\"><img loading=\"lazy\" decoding=\"async\" width=\"900\" height=\"408\" src=\"https:\/\/radiostudiow.com.br\/site\/wp-content\/uploads\/2024\/09\/image-64-1.png\" alt=\"\" class=\"wp-image-28207\" srcset=\"https:\/\/radiostudiow.com.br\/site\/wp-content\/uploads\/2024\/09\/image-64-1.png 900w, https:\/\/radiostudiow.com.br\/site\/wp-content\/uploads\/2024\/09\/image-64-1-300x136.png 300w, https:\/\/radiostudiow.com.br\/site\/wp-content\/uploads\/2024\/09\/image-64-1-768x348.png 768w\" sizes=\"auto, (max-width: 900px) 100vw, 900px\" \/><\/figure>\n\n\n\n<p><strong>O crime em novembro de 2023<\/strong><\/p>\n\n\n\n<p>Um casal foi preso em flagrante em Ca\u00e7ador, no dia 13 de novembro de 2023 ap\u00f3s confessar o assassinato da filha rec\u00e9m-nascida e enterr\u00e1-la sob o assoalho da casa.<\/p>\n\n\n\n<p>A Pol\u00edcia Civil revelou que a crian\u00e7a foi asfixiada logo ap\u00f3s o nascimento, pois os pais, que j\u00e1 tinham dois filhos, n\u00e3o desejavam mais uma crian\u00e7a.<\/p>\n\n\n\n<p>Ap\u00f3s a audi\u00eancia de cust\u00f3dia, a Justi\u00e7a converteu a pris\u00e3o em flagrante em pris\u00e3o preventiva. A investiga\u00e7\u00e3o come\u00e7ou ap\u00f3s um boletim de ocorr\u00eancia sobre o desaparecimento da m\u00e3e da beb\u00ea, levantado por um familiar.<\/p>\n\n\n\n<p>A pol\u00edcia descobriu o crime e o local onde o corpo estava enterrado, 50 cent\u00edmetros abaixo do assoalho. Os outros filhos do casal foram deixados sob a responsabilidade da fam\u00edlia da m\u00e3e.<\/p>\n","protected":false},"excerpt":{"rendered":"<p>O casal que matou e enterrou uma beb\u00ea rec\u00e9m-nascida na cozinha de casa h\u00e1 exatamente um ano foi julgado e condenado pelo Tribunal do J\u00fari de Ca\u00e7ador. A sess\u00e3o aconteceu no f\u00f3rum da comarca, com base na den\u00fancia do Minist\u00e9rio P\u00fablico de Santa Catarina (MPSC), e teve 17 horas de dura\u00e7\u00e3o. Os trabalhos come\u00e7aram \u00e0s [&hellip;]<\/p>\n","protected":false},"author":2,"featured_media":29730,"comment_status":"open","ping_status":"open","sticky":false,"template":"","format":"standard","meta":{"footnotes":""},"categories":[2],"tags":[172],"class_list":["post-29728","post","type-post","status-publish","format-standard","has-post-thumbnail","hentry","category-policial","tag-featured"],"amp_enabled":true,"_links":{"self":[{"href":"https:\/\/radiostudiow.com.br\/site\/wp-json\/wp\/v2\/posts\/29728","targetHints":{"allow":["GET"]}}],"collection":[{"href":"https:\/\/radiostudiow.com.br\/site\/wp-json\/wp\/v2\/posts"}],"about":[{"href":"https:\/\/radiostudiow.com.br\/site\/wp-json\/wp\/v2\/types\/post"}],"author":[{"embeddable":true,"href":"https:\/\/radiostudiow.com.br\/site\/wp-json\/wp\/v2\/users\/2"}],"replies":[{"embeddable":true,"href":"https:\/\/radiostudiow.com.br\/site\/wp-json\/wp\/v2\/comments?post=29728"}],"version-history":[{"count":2,"href":"https:\/\/radiostudiow.com.br\/site\/wp-json\/wp\/v2\/posts\/29728\/revisions"}],"predecessor-version":[{"id":29732,"href":"https:\/\/radiostudiow.com.br\/site\/wp-json\/wp\/v2\/posts\/29728\/revisions\/29732"}],"wp:featuredmedia":[{"embeddable":true,"href":"https:\/\/radiostudiow.com.br\/site\/wp-json\/wp\/v2\/media\/29730"}],"wp:attachment":[{"href":"https:\/\/radiostudiow.com.br\/site\/wp-json\/wp\/v2\/media?parent=29728"}],"wp:term":[{"taxonomy":"category","embeddable":true,"href":"https:\/\/radiostudiow.com.br\/site\/wp-json\/wp\/v2\/categories?post=29728"},{"taxonomy":"post_tag","embeddable":true,"href":"https:\/\/radiostudiow.com.br\/site\/wp-json\/wp\/v2\/tags?post=29728"}],"curies":[{"name":"wp","href":"https:\/\/api.w.org\/{rel}","templated":true}]}}