{"id":29735,"date":"2024-11-04T10:27:36","date_gmt":"2024-11-04T13:27:36","guid":{"rendered":"https:\/\/radiostudiow.com.br\/site\/?p=29735"},"modified":"2025-01-31T14:58:16","modified_gmt":"2025-01-31T17:58:16","slug":"carro-de-familia-e-arrombado-e-pertences-sao-levados-em-uniao-da-vitoria","status":"publish","type":"post","link":"https:\/\/radiostudiow.com.br\/site\/2024\/11\/04\/carro-de-familia-e-arrombado-e-pertences-sao-levados-em-uniao-da-vitoria\/","title":{"rendered":"Carro de fam\u00edlia \u00e9 arrombado e pertences s\u00e3o levados em Uni\u00e3o da Vit\u00f3ria"},"content":{"rendered":"\n<p>A equipe da Pol\u00edcia Militar de Uni\u00e3o da Vit\u00f3ria foi acionada para atender a um caso de furto no estacionamento de uma igreja local na noite deste s\u00e1bado (02).<\/p>\n\n\n\n<p>Segundo informa\u00e7\u00f5es, a v\u00edtima e sua fam\u00edlia chegaram ao local por volta das 19 horas para participar da missa. Ao retornarem ao ve\u00edculo, eles se depararam com a janela quebrada e perceberam que diversos itens foram levados.<\/p>\n\n\n\n<figure class=\"wp-block-image size-full\"><img loading=\"lazy\" decoding=\"async\" width=\"598\" height=\"204\" src=\"https:\/\/radiostudiow.com.br\/site\/wp-content\/uploads\/2024\/04\/image-29.png\" alt=\"\" class=\"wp-image-21283\" srcset=\"https:\/\/radiostudiow.com.br\/site\/wp-content\/uploads\/2024\/04\/image-29.png 598w, https:\/\/radiostudiow.com.br\/site\/wp-content\/uploads\/2024\/04\/image-29-300x102.png 300w\" sizes=\"auto, (max-width: 598px) 100vw, 598px\" \/><\/figure>\n\n\n\n<p>Entre os objetos furtados est\u00e3o uma carteira com documentos pessoais, tal\u00e3o de cheques, um cart\u00e3o da Caixa Econ\u00f4mica e R$ 20 em esp\u00e9cie pertencentes \u00e0 v\u00edtima.<\/p>\n\n\n\n<p>Tamb\u00e9m foram levados a carteira do marido, que continha documentos pessoais, um cart\u00e3o da Caixa Econ\u00f4mica e R$ 1.200, al\u00e9m de um celular Motorola preto e dois cart\u00f5es de d\u00e9bito dos filhos.<\/p>\n\n\n\n<p>As v\u00edtimas foram orientadas pela pol\u00edcia sobre os pr\u00f3ximos passos a serem tomados. A investiga\u00e7\u00e3o sobre o caso segue em andamento.<\/p>\n","protected":false},"excerpt":{"rendered":"<p>A equipe da Pol\u00edcia Militar de Uni\u00e3o da Vit\u00f3ria foi acionada para atender a um caso de furto no estacionamento de uma igreja local na noite deste s\u00e1bado (02). Segundo informa\u00e7\u00f5es, a v\u00edtima e sua fam\u00edlia chegaram ao local por volta das 19 horas para participar da missa. Ao retornarem ao ve\u00edculo, eles se depararam [&hellip;]<\/p>\n","protected":false},"author":2,"featured_media":29740,"comment_status":"open","ping_status":"open","sticky":false,"template":"","format":"standard","meta":{"footnotes":""},"categories":[2],"tags":[172],"class_list":["post-29735","post","type-post","status-publish","format-standard","has-post-thumbnail","hentry","category-policial","tag-featured"],"amp_enabled":true,"_links":{"self":[{"href":"https:\/\/radiostudiow.com.br\/site\/wp-json\/wp\/v2\/posts\/29735","targetHints":{"allow":["GET"]}}],"collection":[{"href":"https:\/\/radiostudiow.com.br\/site\/wp-json\/wp\/v2\/posts"}],"about":[{"href":"https:\/\/radiostudiow.com.br\/site\/wp-json\/wp\/v2\/types\/post"}],"author":[{"embeddable":true,"href":"https:\/\/radiostudiow.com.br\/site\/wp-json\/wp\/v2\/users\/2"}],"replies":[{"embeddable":true,"href":"https:\/\/radiostudiow.com.br\/site\/wp-json\/wp\/v2\/comments?post=29735"}],"version-history":[{"count":2,"href":"https:\/\/radiostudiow.com.br\/site\/wp-json\/wp\/v2\/posts\/29735\/revisions"}],"predecessor-version":[{"id":29741,"href":"https:\/\/radiostudiow.com.br\/site\/wp-json\/wp\/v2\/posts\/29735\/revisions\/29741"}],"wp:featuredmedia":[{"embeddable":true,"href":"https:\/\/radiostudiow.com.br\/site\/wp-json\/wp\/v2\/media\/29740"}],"wp:attachment":[{"href":"https:\/\/radiostudiow.com.br\/site\/wp-json\/wp\/v2\/media?parent=29735"}],"wp:term":[{"taxonomy":"category","embeddable":true,"href":"https:\/\/radiostudiow.com.br\/site\/wp-json\/wp\/v2\/categories?post=29735"},{"taxonomy":"post_tag","embeddable":true,"href":"https:\/\/radiostudiow.com.br\/site\/wp-json\/wp\/v2\/tags?post=29735"}],"curies":[{"name":"wp","href":"https:\/\/api.w.org\/{rel}","templated":true}]}}