{"id":29742,"date":"2024-11-04T11:13:02","date_gmt":"2024-11-04T14:13:02","guid":{"rendered":"https:\/\/radiostudiow.com.br\/site\/?p=29742"},"modified":"2025-01-31T14:58:16","modified_gmt":"2025-01-31T17:58:16","slug":"bandeira-amarela-passa-a-valer-e-conta-de-luz-ficara-mais-barata","status":"publish","type":"post","link":"https:\/\/radiostudiow.com.br\/site\/2024\/11\/04\/bandeira-amarela-passa-a-valer-e-conta-de-luz-ficara-mais-barata\/","title":{"rendered":"Bandeira amarela passa a valer e conta de luz ficar\u00e1 mais barata"},"content":{"rendered":"\n<p>Com o aumento no volume de chuvas, a bandeira tarif\u00e1ria amarela come\u00e7a a valer nesta sexta-feira, dia 1\u00ba, ou seja, a conta de luz ficar\u00e1 mais barata. A cobran\u00e7a extra passar\u00e1 a ser de R$ 1,885 na conta de luz para cada 100 quilowatts-hora (kWh) de energia el\u00e9trica consumidos.<\/p>\n\n\n\n<p>Em outubro, a bandeira estava no n\u00edvel vermelho patamar 2, a mais cara de todas, com a cobran\u00e7a de R$ 7,877 por 100 kWh. Desde agosto de 2021 que a tarifa mais alta n\u00e3o era acionada.<\/p>\n\n\n\n<figure class=\"wp-block-image size-full\"><img decoding=\"async\" src=\"https:\/\/radiostudiow.com.br\/site\/wp-content\/uploads\/2024\/04\/image-42.png\" alt=\"\" class=\"wp-image-21334\"\/><\/figure>\n\n\n\n<p>Segundo a Ag\u00eancia Nacional de Energia El\u00e9trica (Aneel), um dos fatores que determinaram a redu\u00e7\u00e3o da bandeira tarif\u00e1ria para amarela foi a melhoria nas condi\u00e7\u00f5es de gera\u00e7\u00e3o de energia no pa\u00eds. A ag\u00eancia reguladora, no entanto, informou que a previs\u00e3o de chuvas e de vaz\u00f5es nas regi\u00f5es das hidrel\u00e9tricas continua abaixo da m\u00e9dia, o que justifica o acionamento da bandeira tarif\u00e1ria para cobrir os custos da gera\u00e7\u00e3o termel\u00e9trica para atender \u00e0s necessidades dos consumidores.<\/p>\n\n\n\n<p>Uma sequ\u00eancia de bandeiras verdes, sem a cobran\u00e7a de tarifas extras, foi iniciada em abril de 2022. A s\u00e9rie foi interrompida em julho deste ano, com a bandeira amarela, seguida da bandeira verde em agosto, e da vermelha patamar 1, em setembro. Com as ondas de calor e as fortes secas no in\u00edcio do segundo semestre, a Aneel acionou a bandeira vermelha patamar 2 em outubro.<\/p>\n\n\n\n<figure class=\"wp-block-image size-full\"><img loading=\"lazy\" decoding=\"async\" width=\"800\" height=\"445\" src=\"https:\/\/radiostudiow.com.br\/site\/wp-content\/uploads\/2024\/11\/image-21.png\" alt=\"\" class=\"wp-image-29743\" srcset=\"https:\/\/radiostudiow.com.br\/site\/wp-content\/uploads\/2024\/11\/image-21.png 800w, https:\/\/radiostudiow.com.br\/site\/wp-content\/uploads\/2024\/11\/image-21-300x167.png 300w, https:\/\/radiostudiow.com.br\/site\/wp-content\/uploads\/2024\/11\/image-21-768x427.png 768w\" sizes=\"auto, (max-width: 800px) 100vw, 800px\" \/><\/figure>\n\n\n\n<p><strong>Bandeiras tarif\u00e1rias<\/strong><\/p>\n\n\n\n<p>Criadas em 2015 pela Aneel, as bandeiras tarif\u00e1rias refletem os custos vari\u00e1veis da gera\u00e7\u00e3o de energia el\u00e9trica. Divididas em n\u00edveis, as bandeiras indicam quanto est\u00e1 custando para o Sistema Interligado Nacional (SIN) gerar a energia usada nas casas, em estabelecimentos comerciais e nas ind\u00fastrias.<\/p>\n\n\n\n<p>Quando a conta de luz \u00e9 calculada pela bandeira verde, n\u00e3o h\u00e1 nenhum acr\u00e9scimo. Quando s\u00e3o aplicadas as bandeiras vermelha ou amarela, a conta sofre acr\u00e9scimos de R$ 1,885 (bandeira amarela), R$ 4,463 (bandeira vermelha patamar 1) e R$ 7,877 (bandeira vermelha patamar 2) a cada 100 quilowatts-hora (kWh) consumidos. De setembro de 2021 a 15 de abril de 2022, vigorou uma bandeira de escassez h\u00eddrica de R$ 14,20 extras a cada 100 kWh.<\/p>\n\n\n\n<p>O SIN \u00e9 dividido em quatro subsistemas: Sudeste\/Centro-Oeste, Sul, Nordeste e Norte.<\/p>\n\n\n\n<figure class=\"wp-block-image size-full\"><img loading=\"lazy\" decoding=\"async\" width=\"900\" height=\"408\" src=\"https:\/\/radiostudiow.com.br\/site\/wp-content\/uploads\/2024\/09\/image-64-1.png\" alt=\"\" class=\"wp-image-28207\" srcset=\"https:\/\/radiostudiow.com.br\/site\/wp-content\/uploads\/2024\/09\/image-64-1.png 900w, https:\/\/radiostudiow.com.br\/site\/wp-content\/uploads\/2024\/09\/image-64-1-300x136.png 300w, https:\/\/radiostudiow.com.br\/site\/wp-content\/uploads\/2024\/09\/image-64-1-768x348.png 768w\" sizes=\"auto, (max-width: 900px) 100vw, 900px\" \/><\/figure>\n\n\n\n<p>Praticamente todo o pa\u00eds \u00e9 coberto pelo SIN, \u00e0 exce\u00e7\u00e3o de algumas partes de estados da Regi\u00e3o Norte e de Mato Grosso, al\u00e9m de todo o estado de Roraima. Atualmente, h\u00e1 212 localidades isoladas do SIN, nas quais o consumo \u00e9 baixo e representa menos de 1% da carga total do pa\u00eds. A demanda por energia nessas regi\u00f5es \u00e9 suprida, principalmente, por t\u00e9rmicas a \u00f3leo diesel.<\/p>\n\n\n\n<p>Segundo a Aneel, as bandeiras permitem ao consumidor um papel mais ativo na defini\u00e7\u00e3o de sua conta de energia. \u201cMesmo que as condi\u00e7\u00f5es de gera\u00e7\u00e3o sejam favor\u00e1veis, \u00e9 necess\u00e1rio continuar com bons h\u00e1bitos de consumo que evitam desperd\u00edcios e contribuem para a sustentabilidade do setor el\u00e9trico. Com o acionamento da bandeira\u202famarela, a vigil\u00e2ncia quanto ao uso respons\u00e1vel da energia el\u00e9trica \u00e9 fundamental. A orienta\u00e7\u00e3o \u00e9 para utilizar a energia de forma consciente\u201d, recomenda a ag\u00eancia reguladora.&nbsp;<\/p>\n\n\n\n<p><em>Reportagem:&nbsp;Ag\u00eancia Brasil<\/em><\/p>\n","protected":false},"excerpt":{"rendered":"<p>Com o aumento no volume de chuvas, a bandeira tarif\u00e1ria amarela come\u00e7a a valer nesta sexta-feira, dia 1\u00ba, ou seja, a conta de luz ficar\u00e1 mais barata. A cobran\u00e7a extra passar\u00e1 a ser de R$ 1,885 na conta de luz para cada 100 quilowatts-hora (kWh) de energia el\u00e9trica consumidos. Em outubro, a bandeira estava no [&hellip;]<\/p>\n","protected":false},"author":2,"featured_media":29744,"comment_status":"open","ping_status":"open","sticky":false,"template":"","format":"standard","meta":{"footnotes":""},"categories":[7],"tags":[172],"class_list":["post-29742","post","type-post","status-publish","format-standard","has-post-thumbnail","hentry","category-geral","tag-featured"],"amp_enabled":true,"_links":{"self":[{"href":"https:\/\/radiostudiow.com.br\/site\/wp-json\/wp\/v2\/posts\/29742","targetHints":{"allow":["GET"]}}],"collection":[{"href":"https:\/\/radiostudiow.com.br\/site\/wp-json\/wp\/v2\/posts"}],"about":[{"href":"https:\/\/radiostudiow.com.br\/site\/wp-json\/wp\/v2\/types\/post"}],"author":[{"embeddable":true,"href":"https:\/\/radiostudiow.com.br\/site\/wp-json\/wp\/v2\/users\/2"}],"replies":[{"embeddable":true,"href":"https:\/\/radiostudiow.com.br\/site\/wp-json\/wp\/v2\/comments?post=29742"}],"version-history":[{"count":1,"href":"https:\/\/radiostudiow.com.br\/site\/wp-json\/wp\/v2\/posts\/29742\/revisions"}],"predecessor-version":[{"id":29745,"href":"https:\/\/radiostudiow.com.br\/site\/wp-json\/wp\/v2\/posts\/29742\/revisions\/29745"}],"wp:featuredmedia":[{"embeddable":true,"href":"https:\/\/radiostudiow.com.br\/site\/wp-json\/wp\/v2\/media\/29744"}],"wp:attachment":[{"href":"https:\/\/radiostudiow.com.br\/site\/wp-json\/wp\/v2\/media?parent=29742"}],"wp:term":[{"taxonomy":"category","embeddable":true,"href":"https:\/\/radiostudiow.com.br\/site\/wp-json\/wp\/v2\/categories?post=29742"},{"taxonomy":"post_tag","embeddable":true,"href":"https:\/\/radiostudiow.com.br\/site\/wp-json\/wp\/v2\/tags?post=29742"}],"curies":[{"name":"wp","href":"https:\/\/api.w.org\/{rel}","templated":true}]}}