{"id":29747,"date":"2024-11-04T11:27:39","date_gmt":"2024-11-04T14:27:39","guid":{"rendered":"https:\/\/radiostudiow.com.br\/site\/?p=29747"},"modified":"2025-01-31T14:58:16","modified_gmt":"2025-01-31T17:58:16","slug":"homem-morre-apos-colisao-de-carro-contra-um-ponto-de-onibus-na-br-476","status":"publish","type":"post","link":"https:\/\/radiostudiow.com.br\/site\/2024\/11\/04\/homem-morre-apos-colisao-de-carro-contra-um-ponto-de-onibus-na-br-476\/","title":{"rendered":"Homem morre ap\u00f3s colis\u00e3o de carro contra um ponto de \u00f4nibus na BR-476"},"content":{"rendered":"\n<p>Um acidente tr\u00e1gico resultou na morte de um homem no quil\u00f4metro 249 da BR 476, na regi\u00e3o da \u00c1gua Azul, Lapa na noite de sexta-feira, 1\u00ba de novembro.<\/p>\n\n\n\n<p>Equipes de socorro, incluindo o Corpo de Bombeiros e o SAMU de S\u00e3o Mateus do Sul, foram rapidamente acionadas para prestar atendimento. Ao chegarem ao local, constataram que um dos ocupantes do ve\u00edculo, um GM Kadet, j\u00e1 estava sem vida.<\/p>\n\n\n\n<figure class=\"wp-block-image size-full\"><img loading=\"lazy\" decoding=\"async\" width=\"897\" height=\"204\" src=\"https:\/\/radiostudiow.com.br\/site\/wp-content\/uploads\/2024\/04\/image-15.png\" alt=\"\" class=\"wp-image-21199\" srcset=\"https:\/\/radiostudiow.com.br\/site\/wp-content\/uploads\/2024\/04\/image-15.png 897w, https:\/\/radiostudiow.com.br\/site\/wp-content\/uploads\/2024\/04\/image-15-300x68.png 300w, https:\/\/radiostudiow.com.br\/site\/wp-content\/uploads\/2024\/04\/image-15-768x175.png 768w\" sizes=\"auto, (max-width: 897px) 100vw, 897px\" \/><\/figure>\n\n\n\n<p>\u201cTerceiros informaram que havia outra v\u00edtima, o mesmo evadiu-se do local antes da chegada do socorro\u201d, informaram os Bombeiros. O ve\u00edculo saiu da pista e colidiu contra um ponto de \u00f4nibus.<\/p>\n\n\n\n<p>A v\u00edtima, identificada como Abel Cristiano Correia Soares, de 47 anos, era residente da comunidade \u00c1gua Amarela de Baixo. O Instituto M\u00e9dico Legal (IML) de Uni\u00e3o da Vit\u00f3ria foi acionado para realizar os procedimentos necess\u00e1rios.<\/p>\n\n\n\n<p>A Pol\u00edcia Rodovi\u00e1ria Federal (PRF) tamb\u00e9m foi chamada para investigar as circunst\u00e2ncias do acidente.<\/p>\n","protected":false},"excerpt":{"rendered":"<p>Um acidente tr\u00e1gico resultou na morte de um homem no quil\u00f4metro 249 da BR 476, na regi\u00e3o da \u00c1gua Azul, Lapa na noite de sexta-feira, 1\u00ba de novembro. Equipes de socorro, incluindo o Corpo de Bombeiros e o SAMU de S\u00e3o Mateus do Sul, foram rapidamente acionadas para prestar atendimento. Ao chegarem ao local, constataram [&hellip;]<\/p>\n","protected":false},"author":2,"featured_media":29748,"comment_status":"open","ping_status":"open","sticky":false,"template":"","format":"standard","meta":{"footnotes":""},"categories":[185],"tags":[172],"class_list":["post-29747","post","type-post","status-publish","format-standard","has-post-thumbnail","hentry","category-regional","tag-featured"],"amp_enabled":true,"_links":{"self":[{"href":"https:\/\/radiostudiow.com.br\/site\/wp-json\/wp\/v2\/posts\/29747","targetHints":{"allow":["GET"]}}],"collection":[{"href":"https:\/\/radiostudiow.com.br\/site\/wp-json\/wp\/v2\/posts"}],"about":[{"href":"https:\/\/radiostudiow.com.br\/site\/wp-json\/wp\/v2\/types\/post"}],"author":[{"embeddable":true,"href":"https:\/\/radiostudiow.com.br\/site\/wp-json\/wp\/v2\/users\/2"}],"replies":[{"embeddable":true,"href":"https:\/\/radiostudiow.com.br\/site\/wp-json\/wp\/v2\/comments?post=29747"}],"version-history":[{"count":2,"href":"https:\/\/radiostudiow.com.br\/site\/wp-json\/wp\/v2\/posts\/29747\/revisions"}],"predecessor-version":[{"id":29750,"href":"https:\/\/radiostudiow.com.br\/site\/wp-json\/wp\/v2\/posts\/29747\/revisions\/29750"}],"wp:featuredmedia":[{"embeddable":true,"href":"https:\/\/radiostudiow.com.br\/site\/wp-json\/wp\/v2\/media\/29748"}],"wp:attachment":[{"href":"https:\/\/radiostudiow.com.br\/site\/wp-json\/wp\/v2\/media?parent=29747"}],"wp:term":[{"taxonomy":"category","embeddable":true,"href":"https:\/\/radiostudiow.com.br\/site\/wp-json\/wp\/v2\/categories?post=29747"},{"taxonomy":"post_tag","embeddable":true,"href":"https:\/\/radiostudiow.com.br\/site\/wp-json\/wp\/v2\/tags?post=29747"}],"curies":[{"name":"wp","href":"https:\/\/api.w.org\/{rel}","templated":true}]}}