{"id":29753,"date":"2024-11-04T11:56:04","date_gmt":"2024-11-04T14:56:04","guid":{"rendered":"https:\/\/radiostudiow.com.br\/site\/?p=29753"},"modified":"2025-01-31T14:58:16","modified_gmt":"2025-01-31T17:58:16","slug":"homem-ameaca-sua-ex-mulher-e-leva-com-ele-o-filho-de-apenas-3-anos-em-uniao-da-vitoria","status":"publish","type":"post","link":"https:\/\/radiostudiow.com.br\/site\/2024\/11\/04\/homem-ameaca-sua-ex-mulher-e-leva-com-ele-o-filho-de-apenas-3-anos-em-uniao-da-vitoria\/","title":{"rendered":"Homem amea\u00e7a sua ex-mulher e leva com ele o filho de apenas 3 anos em Uni\u00e3o da Vit\u00f3ria"},"content":{"rendered":"\n<p>A equipe da Pol\u00edcia Militar de Uni\u00e3o da Vit\u00f3ria foi acionada por volta das 10:30 horas deste s\u00e1bado, 02 e Novembro, para atender a uma situa\u00e7\u00e3o de viol\u00eancia dom\u00e9stica no bairro Limeira.<\/p>\n\n\n\n<figure class=\"wp-block-image size-full\"><img loading=\"lazy\" decoding=\"async\" width=\"897\" height=\"204\" src=\"https:\/\/radiostudiow.com.br\/site\/wp-content\/uploads\/2024\/08\/TIJOLAO.png\" alt=\"\" class=\"wp-image-25951\" srcset=\"https:\/\/radiostudiow.com.br\/site\/wp-content\/uploads\/2024\/08\/TIJOLAO.png 897w, https:\/\/radiostudiow.com.br\/site\/wp-content\/uploads\/2024\/08\/TIJOLAO-300x68.png 300w, https:\/\/radiostudiow.com.br\/site\/wp-content\/uploads\/2024\/08\/TIJOLAO-768x175.png 768w\" sizes=\"auto, (max-width: 897px) 100vw, 897px\" \/><\/figure>\n\n\n\n<p>No local a v\u00edtima relatou que seu ex-convivente teria adentrado em sua resid\u00eancia, amea\u00e7ado dizendo que iria a agredir com \u201csocos\u201d caso ela n\u00e3o entregasse a crian\u00e7a para ele, e levou o filho do casal, de 3 anos, at\u00e9 a resid\u00eancia de sua m\u00e3e.<\/p>\n\n\n\n<p>A equipe foi at\u00e9 a resid\u00eancia onde estava o autor, sendo de pronto poss\u00edvel visualizar o indiv\u00edduo com a crian\u00e7a em quest\u00e3o no colo. Em di\u00e1logo, relatou que iria entregar a crian\u00e7a \u00e0 m\u00e3e naquele momento, sendo assim feito. Ap\u00f3s, as partes foram conduzidas at\u00e9 a 4\u00b0 SDP, para provid\u00eancias.<\/p>\n","protected":false},"excerpt":{"rendered":"<p>A equipe da Pol\u00edcia Militar de Uni\u00e3o da Vit\u00f3ria foi acionada por volta das 10:30 horas deste s\u00e1bado, 02 e Novembro, para atender a uma situa\u00e7\u00e3o de viol\u00eancia dom\u00e9stica no bairro Limeira. No local a v\u00edtima relatou que seu ex-convivente teria adentrado em sua resid\u00eancia, amea\u00e7ado dizendo que iria a agredir com \u201csocos\u201d caso ela [&hellip;]<\/p>\n","protected":false},"author":2,"featured_media":27131,"comment_status":"open","ping_status":"open","sticky":false,"template":"","format":"standard","meta":{"footnotes":""},"categories":[2],"tags":[172],"class_list":["post-29753","post","type-post","status-publish","format-standard","has-post-thumbnail","hentry","category-policial","tag-featured"],"amp_enabled":true,"_links":{"self":[{"href":"https:\/\/radiostudiow.com.br\/site\/wp-json\/wp\/v2\/posts\/29753","targetHints":{"allow":["GET"]}}],"collection":[{"href":"https:\/\/radiostudiow.com.br\/site\/wp-json\/wp\/v2\/posts"}],"about":[{"href":"https:\/\/radiostudiow.com.br\/site\/wp-json\/wp\/v2\/types\/post"}],"author":[{"embeddable":true,"href":"https:\/\/radiostudiow.com.br\/site\/wp-json\/wp\/v2\/users\/2"}],"replies":[{"embeddable":true,"href":"https:\/\/radiostudiow.com.br\/site\/wp-json\/wp\/v2\/comments?post=29753"}],"version-history":[{"count":2,"href":"https:\/\/radiostudiow.com.br\/site\/wp-json\/wp\/v2\/posts\/29753\/revisions"}],"predecessor-version":[{"id":29757,"href":"https:\/\/radiostudiow.com.br\/site\/wp-json\/wp\/v2\/posts\/29753\/revisions\/29757"}],"wp:featuredmedia":[{"embeddable":true,"href":"https:\/\/radiostudiow.com.br\/site\/wp-json\/wp\/v2\/media\/27131"}],"wp:attachment":[{"href":"https:\/\/radiostudiow.com.br\/site\/wp-json\/wp\/v2\/media?parent=29753"}],"wp:term":[{"taxonomy":"category","embeddable":true,"href":"https:\/\/radiostudiow.com.br\/site\/wp-json\/wp\/v2\/categories?post=29753"},{"taxonomy":"post_tag","embeddable":true,"href":"https:\/\/radiostudiow.com.br\/site\/wp-json\/wp\/v2\/tags?post=29753"}],"curies":[{"name":"wp","href":"https:\/\/api.w.org\/{rel}","templated":true}]}}