{"id":29760,"date":"2024-11-04T18:09:05","date_gmt":"2024-11-04T21:09:05","guid":{"rendered":"https:\/\/radiostudiow.com.br\/site\/?p=29760"},"modified":"2025-01-31T14:58:16","modified_gmt":"2025-01-31T17:58:16","slug":"pm-de-paula-freitas-registrou-caso-de-ameaca","status":"publish","type":"post","link":"https:\/\/radiostudiow.com.br\/site\/2024\/11\/04\/pm-de-paula-freitas-registrou-caso-de-ameaca\/","title":{"rendered":"PM de Paula Freitas registrou caso de amea\u00e7a"},"content":{"rendered":"\n<p>A equipe da Pol\u00edcia Militar de Paula Freitas foi acionada para verificar uma situa\u00e7\u00e3o de amea\u00e7a na \u00e1rea central da cidade por volta das 12:22 horas dessa sexta-feira (01).<\/p>\n\n\n\n<figure class=\"wp-block-image size-full\"><img loading=\"lazy\" decoding=\"async\" width=\"598\" height=\"204\" src=\"https:\/\/radiostudiow.com.br\/site\/wp-content\/uploads\/2024\/04\/image-29.png\" alt=\"\" class=\"wp-image-21283\" srcset=\"https:\/\/radiostudiow.com.br\/site\/wp-content\/uploads\/2024\/04\/image-29.png 598w, https:\/\/radiostudiow.com.br\/site\/wp-content\/uploads\/2024\/04\/image-29-300x102.png 300w\" sizes=\"auto, (max-width: 598px) 100vw, 598px\" \/><\/figure>\n\n\n\n<p>A solicitante relata que um o masculino estaria em seu estabelecimento comercial amea\u00e7ando o propriet\u00e1rio com uma chave Philips, exigindo uma carona, ou que se chama um Uber para o levar at\u00e9 a cidade de Uni\u00e3o da Vit\u00f3ria.<\/p>\n\n\n\n<p>Diante da negativa da solicitante, o masculino novamente amea\u00e7ou a feminina com uma chave Philips.<\/p>\n\n\n\n<p>A equipe policial realizou a abordagem ao suspeito o qual n\u00e3o foi acatada vindo a resistir a abordagem, sendo necess\u00e1rio o emprego e uso de for\u00e7a moderada e imobiliza\u00e7\u00e3o para cont\u00ea-lo.<\/p>\n\n\n\n<p>Diante dos fatos foi encaminhado e entregue na 4\u00b0 SDP. Para providencias.<\/p>\n","protected":false},"excerpt":{"rendered":"<p>A equipe da Pol\u00edcia Militar de Paula Freitas foi acionada para verificar uma situa\u00e7\u00e3o de amea\u00e7a na \u00e1rea central da cidade por volta das 12:22 horas dessa sexta-feira (01). A solicitante relata que um o masculino estaria em seu estabelecimento comercial amea\u00e7ando o propriet\u00e1rio com uma chave Philips, exigindo uma carona, ou que se chama [&hellip;]<\/p>\n","protected":false},"author":2,"featured_media":27487,"comment_status":"open","ping_status":"open","sticky":false,"template":"","format":"standard","meta":{"footnotes":""},"categories":[2],"tags":[172],"class_list":["post-29760","post","type-post","status-publish","format-standard","has-post-thumbnail","hentry","category-policial","tag-featured"],"amp_enabled":true,"_links":{"self":[{"href":"https:\/\/radiostudiow.com.br\/site\/wp-json\/wp\/v2\/posts\/29760","targetHints":{"allow":["GET"]}}],"collection":[{"href":"https:\/\/radiostudiow.com.br\/site\/wp-json\/wp\/v2\/posts"}],"about":[{"href":"https:\/\/radiostudiow.com.br\/site\/wp-json\/wp\/v2\/types\/post"}],"author":[{"embeddable":true,"href":"https:\/\/radiostudiow.com.br\/site\/wp-json\/wp\/v2\/users\/2"}],"replies":[{"embeddable":true,"href":"https:\/\/radiostudiow.com.br\/site\/wp-json\/wp\/v2\/comments?post=29760"}],"version-history":[{"count":3,"href":"https:\/\/radiostudiow.com.br\/site\/wp-json\/wp\/v2\/posts\/29760\/revisions"}],"predecessor-version":[{"id":29777,"href":"https:\/\/radiostudiow.com.br\/site\/wp-json\/wp\/v2\/posts\/29760\/revisions\/29777"}],"wp:featuredmedia":[{"embeddable":true,"href":"https:\/\/radiostudiow.com.br\/site\/wp-json\/wp\/v2\/media\/27487"}],"wp:attachment":[{"href":"https:\/\/radiostudiow.com.br\/site\/wp-json\/wp\/v2\/media?parent=29760"}],"wp:term":[{"taxonomy":"category","embeddable":true,"href":"https:\/\/radiostudiow.com.br\/site\/wp-json\/wp\/v2\/categories?post=29760"},{"taxonomy":"post_tag","embeddable":true,"href":"https:\/\/radiostudiow.com.br\/site\/wp-json\/wp\/v2\/tags?post=29760"}],"curies":[{"name":"wp","href":"https:\/\/api.w.org\/{rel}","templated":true}]}}