{"id":29778,"date":"2024-11-04T18:13:34","date_gmt":"2024-11-04T21:13:34","guid":{"rendered":"https:\/\/radiostudiow.com.br\/site\/?p=29778"},"modified":"2025-01-31T14:58:16","modified_gmt":"2025-01-31T17:58:16","slug":"mulher-de-25-anos-e-socorrida-com-suspeita-de-fratura-apos-cair-de-moto","status":"publish","type":"post","link":"https:\/\/radiostudiow.com.br\/site\/2024\/11\/04\/mulher-de-25-anos-e-socorrida-com-suspeita-de-fratura-apos-cair-de-moto\/","title":{"rendered":"Mulher de 25 anos \u00e9 socorrida com suspeita de fratura ap\u00f3s cair de moto em Uni\u00e3o da Vit\u00f3ria"},"content":{"rendered":"\n<p><a href=\"https:\/\/www.facebook.com\/sharer.php?u=https%3A%2F%2Fcanal4.tv.br%2F2024%2F11%2F04%2Fmulher-de-25-anos-e-socorrida-com-suspeita-de-fratura-apos-cair-de-moto%2F%3Ffbclid%3DIwY2xjawGWCsZleHRuA2FlbQIxMQABHVpGSeRiMzfkR_oPY-wOgdzmNM6-c3955NQ4anZvm7TBfPC6IgMaxUIoIw_aem_bVBOSSSyStf96TCDebIX5w\" target=\"_blank\" rel=\"noreferrer noopener\"><\/a>Uma mulher de 25 anos de idade, identificada pelas iniciais \u201cF. M. W.\u201d foi socorrida pelo Corpo de Bombeiros de Uni\u00e3o da Vit\u00f3ria e encaminhada para o hospital com suspeita de fratura.<\/p>\n\n\n\n<figure class=\"wp-block-image size-full\"><img loading=\"lazy\" decoding=\"async\" width=\"900\" height=\"408\" src=\"https:\/\/radiostudiow.com.br\/site\/wp-content\/uploads\/2024\/09\/image-64-1.png\" alt=\"\" class=\"wp-image-28207\" srcset=\"https:\/\/radiostudiow.com.br\/site\/wp-content\/uploads\/2024\/09\/image-64-1.png 900w, https:\/\/radiostudiow.com.br\/site\/wp-content\/uploads\/2024\/09\/image-64-1-300x136.png 300w, https:\/\/radiostudiow.com.br\/site\/wp-content\/uploads\/2024\/09\/image-64-1-768x348.png 768w\" sizes=\"auto, (max-width: 900px) 100vw, 900px\" \/><\/figure>\n\n\n\n<p>Segundo informa\u00e7\u00f5es, a mulher estava conduzindo uma motocicleta Honda\/Biz 125 de cor branca, quando acabou perdendo o controle na autovia Jo\u00e3o Paulo Reolon no bairro S\u00e3o Gabriel e sofreu a queda.<\/p>\n\n\n\n<p>O acidente foi registrado pelo Corpo de Bombeiros na manh\u00e3 dessa segunda-feira, dia 03 de novembro, por volta das 07h10. A v\u00edtima foi imobilizada e encaminhada para cuidados m\u00e9dicos no hospital Regional.<a href=\"https:\/\/web.whatsapp.com\/send?text=Mulher%20de%2025%20anos%20%C3%A9%20socorrida%20com%20suspeita%20de%20fratura%20ap%C3%B3s%20cair%20de%20moto%20%E2%98%9B%20https%3A%2F%2Fcanal4.tv.br%2F2024%2F11%2F04%2Fmulher-de-25-anos-e-socorrida-com-suspeita-de-fratura-apos-cair-de-moto%2F%3Ffbclid%3DIwY2xjawGWCsZleHRuA2FlbQIxMQABHVpGSeRiMzfkR_oPY-wOgdzmNM6-c3955NQ4anZvm7TBfPC6IgMaxUIoIw_aem_bVBOSSSyStf96TCDebIX5w\" target=\"_blank\" rel=\"noreferrer noopener\"><\/a><\/p>\n\n\n\n<p><a href=\"https:\/\/www.facebook.com\/sharer.php?u=https%3A%2F%2Fcanal4.tv.br%2F2024%2F11%2F04%2Fmulher-de-25-anos-e-socorrida-com-suspeita-de-fratura-apos-cair-de-moto%2F%3Ffbclid%3DIwY2xjawGWCsZleHRuA2FlbQIxMQABHVpGSeRiMzfkR_oPY-wOgdzmNM6-c3955NQ4anZvm7TBfPC6IgMaxUIoIw_aem_bVBOSSSyStf96TCDebIX5w\" target=\"_blank\" rel=\"noreferrer noopener\"><\/a><\/p>\n\n\n\n<p><a href=\"https:\/\/web.whatsapp.com\/send?text=Mulher%20de%2025%20anos%20%C3%A9%20socorrida%20com%20suspeita%20de%20fratura%20ap%C3%B3s%20cair%20de%20moto%20%E2%98%9B%20https%3A%2F%2Fcanal4.tv.br%2F2024%2F11%2F04%2Fmulher-de-25-anos-e-socorrida-com-suspeita-de-fratura-apos-cair-de-moto%2F%3Ffbclid%3DIwY2xjawGWCsZleHRuA2FlbQIxMQABHVpGSeRiMzfkR_oPY-wOgdzmNM6-c3955NQ4anZvm7TBfPC6IgMaxUIoIw_aem_bVBOSSSyStf96TCDebIX5w\" target=\"_blank\" rel=\"noreferrer noopener\"><\/a><\/p>\n\n\n\n<p><a href=\"javascript:void(0);\"><\/a><\/p>\n","protected":false},"excerpt":{"rendered":"<p>Uma mulher de 25 anos de idade, identificada pelas iniciais \u201cF. M. W.\u201d foi socorrida pelo Corpo de Bombeiros de Uni\u00e3o da Vit\u00f3ria e encaminhada para o hospital com suspeita de fratura. Segundo informa\u00e7\u00f5es, a mulher estava conduzindo uma motocicleta Honda\/Biz 125 de cor branca, quando acabou perdendo o controle na autovia Jo\u00e3o Paulo Reolon [&hellip;]<\/p>\n","protected":false},"author":2,"featured_media":26843,"comment_status":"open","ping_status":"open","sticky":false,"template":"","format":"standard","meta":{"footnotes":""},"categories":[2],"tags":[172],"class_list":["post-29778","post","type-post","status-publish","format-standard","has-post-thumbnail","hentry","category-policial","tag-featured"],"amp_enabled":true,"_links":{"self":[{"href":"https:\/\/radiostudiow.com.br\/site\/wp-json\/wp\/v2\/posts\/29778","targetHints":{"allow":["GET"]}}],"collection":[{"href":"https:\/\/radiostudiow.com.br\/site\/wp-json\/wp\/v2\/posts"}],"about":[{"href":"https:\/\/radiostudiow.com.br\/site\/wp-json\/wp\/v2\/types\/post"}],"author":[{"embeddable":true,"href":"https:\/\/radiostudiow.com.br\/site\/wp-json\/wp\/v2\/users\/2"}],"replies":[{"embeddable":true,"href":"https:\/\/radiostudiow.com.br\/site\/wp-json\/wp\/v2\/comments?post=29778"}],"version-history":[{"count":2,"href":"https:\/\/radiostudiow.com.br\/site\/wp-json\/wp\/v2\/posts\/29778\/revisions"}],"predecessor-version":[{"id":29780,"href":"https:\/\/radiostudiow.com.br\/site\/wp-json\/wp\/v2\/posts\/29778\/revisions\/29780"}],"wp:featuredmedia":[{"embeddable":true,"href":"https:\/\/radiostudiow.com.br\/site\/wp-json\/wp\/v2\/media\/26843"}],"wp:attachment":[{"href":"https:\/\/radiostudiow.com.br\/site\/wp-json\/wp\/v2\/media?parent=29778"}],"wp:term":[{"taxonomy":"category","embeddable":true,"href":"https:\/\/radiostudiow.com.br\/site\/wp-json\/wp\/v2\/categories?post=29778"},{"taxonomy":"post_tag","embeddable":true,"href":"https:\/\/radiostudiow.com.br\/site\/wp-json\/wp\/v2\/tags?post=29778"}],"curies":[{"name":"wp","href":"https:\/\/api.w.org\/{rel}","templated":true}]}}