{"id":29790,"date":"2024-11-04T21:12:01","date_gmt":"2024-11-05T00:12:01","guid":{"rendered":"https:\/\/radiostudiow.com.br\/site\/?p=29790"},"modified":"2025-01-31T14:58:16","modified_gmt":"2025-01-31T17:58:16","slug":"homem-que-morreu-em-acidente-na-br-153-em-general-carneiro-foi-identificado","status":"publish","type":"post","link":"https:\/\/radiostudiow.com.br\/site\/2024\/11\/04\/homem-que-morreu-em-acidente-na-br-153-em-general-carneiro-foi-identificado\/","title":{"rendered":"Homem que morreu em acidente na BR-153 em General Carneiro foi identificado"},"content":{"rendered":"\n<p>J\u00e1 foi identificado o homem que morreu ap\u00f3s se envolver em um grave acidente na rodovia BR-153, na cidade de General Carneiro. A v\u00edtima se trata de Jo\u00e3o Maria Rodrigues, de 62 anos de idade.<\/p>\n\n\n\n<figure class=\"wp-block-image size-large is-resized\"><img decoding=\"async\" src=\"https:\/\/radiostudiow.com.br\/site\/wp-content\/uploads\/2024\/11\/image-24-1024x390.png\" alt=\"\" class=\"wp-image-29793\" style=\"width:740px;height:auto\"\/><figcaption class=\"wp-element-caption\">AFUBRA IRATI: \ud83d\udccd Rua Coronel Emilio Gomes, 399, Centro &#8211; Irati &#8211; PR \ud83d\udcde(42) 3421-1700<br>AFUBRA IMBITUVA: \ud83d\udccd RUA Jacobe Brener, 830 &#8211; Centro, Imbituva &#8211; PR \ud83d\udcde(42) 3436-84003<\/figcaption><\/figure>\n\n\n\n<p>Segundo informa\u00e7\u00f5es, Jo\u00e3o Maria era morador da cidade de Palmas e estava em viagem para Lapa\/PR onde pretendia encontrar sua esposa para visitar familiares.<\/p>\n\n\n\n<p>O homem estava em uma camionete GM\/S10 que colidiu na BR-153 contra uma carreta. Ele n\u00e3o resistiu aos ferimentos e morreu ainda no local. O corpo foi encaminhado ao IML de Uni\u00e3o da Vit\u00f3ria.<\/p>\n\n\n\n<figure class=\"wp-block-image size-full\"><img loading=\"lazy\" decoding=\"async\" width=\"474\" height=\"425\" src=\"https:\/\/radiostudiow.com.br\/site\/wp-content\/uploads\/2024\/11\/04.jpg\" alt=\"\" class=\"wp-image-29798\" srcset=\"https:\/\/radiostudiow.com.br\/site\/wp-content\/uploads\/2024\/11\/04.jpg 474w, https:\/\/radiostudiow.com.br\/site\/wp-content\/uploads\/2024\/11\/04-300x269.jpg 300w\" sizes=\"auto, (max-width: 474px) 100vw, 474px\" \/><\/figure>\n\n\n\n<figure class=\"wp-block-embed is-type-wp-embed is-provider-studio-w wp-block-embed-studio-w\"><div class=\"wp-block-embed__wrapper\">\n<blockquote class=\"wp-embedded-content\" data-secret=\"rk7okVvLEe\"><a href=\"https:\/\/radiostudiow.com.br\/site\/2024\/11\/04\/dois-acidentes-registrados-na-br-153-em-general-carneiro-um-deles-com-obito\/\">Dois acidentes registrados na BR-153 em General Carneiro. Um deles com \u00f3bito<\/a><\/blockquote><iframe loading=\"lazy\" class=\"wp-embedded-content\" sandbox=\"allow-scripts\" security=\"restricted\" style=\"position: absolute; visibility: hidden;\" title=\"&#8220;Dois acidentes registrados na BR-153 em General Carneiro. Um deles com \u00f3bito&#8221; &#8212; Studio W\" src=\"https:\/\/radiostudiow.com.br\/site\/2024\/11\/04\/dois-acidentes-registrados-na-br-153-em-general-carneiro-um-deles-com-obito\/embed\/#?secret=uZMeTufZLu#?secret=rk7okVvLEe\" data-secret=\"rk7okVvLEe\" width=\"600\" height=\"338\" frameborder=\"0\" marginwidth=\"0\" marginheight=\"0\" scrolling=\"no\"><\/iframe>\n<\/div><\/figure>\n","protected":false},"excerpt":{"rendered":"<p>J\u00e1 foi identificado o homem que morreu ap\u00f3s se envolver em um grave acidente na rodovia BR-153, na cidade de General Carneiro. A v\u00edtima se trata de Jo\u00e3o Maria Rodrigues, de 62 anos de idade. Segundo informa\u00e7\u00f5es, Jo\u00e3o Maria era morador da cidade de Palmas e estava em viagem para Lapa\/PR onde pretendia encontrar sua [&hellip;]<\/p>\n","protected":false},"author":2,"featured_media":29792,"comment_status":"open","ping_status":"open","sticky":false,"template":"","format":"standard","meta":{"footnotes":""},"categories":[185],"tags":[172],"class_list":["post-29790","post","type-post","status-publish","format-standard","has-post-thumbnail","hentry","category-regional","tag-featured"],"amp_enabled":true,"_links":{"self":[{"href":"https:\/\/radiostudiow.com.br\/site\/wp-json\/wp\/v2\/posts\/29790","targetHints":{"allow":["GET"]}}],"collection":[{"href":"https:\/\/radiostudiow.com.br\/site\/wp-json\/wp\/v2\/posts"}],"about":[{"href":"https:\/\/radiostudiow.com.br\/site\/wp-json\/wp\/v2\/types\/post"}],"author":[{"embeddable":true,"href":"https:\/\/radiostudiow.com.br\/site\/wp-json\/wp\/v2\/users\/2"}],"replies":[{"embeddable":true,"href":"https:\/\/radiostudiow.com.br\/site\/wp-json\/wp\/v2\/comments?post=29790"}],"version-history":[{"count":3,"href":"https:\/\/radiostudiow.com.br\/site\/wp-json\/wp\/v2\/posts\/29790\/revisions"}],"predecessor-version":[{"id":29799,"href":"https:\/\/radiostudiow.com.br\/site\/wp-json\/wp\/v2\/posts\/29790\/revisions\/29799"}],"wp:featuredmedia":[{"embeddable":true,"href":"https:\/\/radiostudiow.com.br\/site\/wp-json\/wp\/v2\/media\/29792"}],"wp:attachment":[{"href":"https:\/\/radiostudiow.com.br\/site\/wp-json\/wp\/v2\/media?parent=29790"}],"wp:term":[{"taxonomy":"category","embeddable":true,"href":"https:\/\/radiostudiow.com.br\/site\/wp-json\/wp\/v2\/categories?post=29790"},{"taxonomy":"post_tag","embeddable":true,"href":"https:\/\/radiostudiow.com.br\/site\/wp-json\/wp\/v2\/tags?post=29790"}],"curies":[{"name":"wp","href":"https:\/\/api.w.org\/{rel}","templated":true}]}}