{"id":29800,"date":"2024-11-05T09:28:41","date_gmt":"2024-11-05T12:28:41","guid":{"rendered":"https:\/\/radiostudiow.com.br\/site\/?p=29800"},"modified":"2025-01-31T14:58:16","modified_gmt":"2025-01-31T17:58:16","slug":"eliton-lemes-esta-desaparecido-em-general-carneiro","status":"publish","type":"post","link":"https:\/\/radiostudiow.com.br\/site\/2024\/11\/05\/eliton-lemes-esta-desaparecido-em-general-carneiro\/","title":{"rendered":"Eliton\u00a0Lemes est\u00e1 desaparecido em General Carneiro"},"content":{"rendered":"\n<p>Eliton\u00a0Lemes, de 27 anos, morador do bairro Vila Operaria em General Carneiro est\u00e1 desaparecido. Segundo informa\u00e7\u00f5es da fam\u00edlia, ele sumiu de casa na quinta-feira, 31 de Outubro, entre o hor\u00e1rio da meia-noite e \u00e0 uma hora da manh\u00e3 e n\u00e3o deu mais not\u00edcias.<\/p>\n\n\n\n<figure class=\"wp-block-image size-full\"><img loading=\"lazy\" decoding=\"async\" width=\"598\" height=\"204\" src=\"https:\/\/radiostudiow.com.br\/site\/wp-content\/uploads\/2024\/10\/labirati.png\" alt=\"\" class=\"wp-image-28854\" srcset=\"https:\/\/radiostudiow.com.br\/site\/wp-content\/uploads\/2024\/10\/labirati.png 598w, https:\/\/radiostudiow.com.br\/site\/wp-content\/uploads\/2024\/10\/labirati-300x102.png 300w\" sizes=\"auto, (max-width: 598px) 100vw, 598px\" \/><\/figure>\n\n\n\n<p>Eliton\u00a0que tem problemas de sa\u00fade saiu de casa ap\u00f3s uma discuss\u00e3o com a esposa, preocupando os familiares. Ele teria sa\u00eddo da resid\u00eancia trajando uma bermuda estampada e camiseta verde de time e com o carro da fam\u00edlia, um Chevrolet Corsa\u00a0Wind, de cor prata, com placas de General Carneiro.<\/p>\n\n\n\n<p>A fam\u00edlia procurou a Pol\u00edcia nesta tarde de sexta-feira, para registrar o boletim de ocorr\u00eancia. Qualquer informa\u00e7\u00e3o sobre&nbsp;Eliton, pode ser repassada para a Pol\u00edcia no 190.<\/p>\n\n\n\n<figure class=\"wp-block-image size-full\"><img loading=\"lazy\" decoding=\"async\" width=\"500\" height=\"287\" src=\"https:\/\/radiostudiow.com.br\/site\/wp-content\/uploads\/2024\/11\/07.jpg\" alt=\"\" class=\"wp-image-29802\" srcset=\"https:\/\/radiostudiow.com.br\/site\/wp-content\/uploads\/2024\/11\/07.jpg 500w, https:\/\/radiostudiow.com.br\/site\/wp-content\/uploads\/2024\/11\/07-300x172.jpg 300w\" sizes=\"auto, (max-width: 500px) 100vw, 500px\" \/><\/figure>\n","protected":false},"excerpt":{"rendered":"<p>Eliton\u00a0Lemes, de 27 anos, morador do bairro Vila Operaria em General Carneiro est\u00e1 desaparecido. Segundo informa\u00e7\u00f5es da fam\u00edlia, ele sumiu de casa na quinta-feira, 31 de Outubro, entre o hor\u00e1rio da meia-noite e \u00e0 uma hora da manh\u00e3 e n\u00e3o deu mais not\u00edcias. Eliton\u00a0que tem problemas de sa\u00fade saiu de casa ap\u00f3s uma discuss\u00e3o com [&hellip;]<\/p>\n","protected":false},"author":2,"featured_media":29801,"comment_status":"open","ping_status":"open","sticky":false,"template":"","format":"standard","meta":{"footnotes":""},"categories":[185],"tags":[172],"class_list":["post-29800","post","type-post","status-publish","format-standard","has-post-thumbnail","hentry","category-regional","tag-featured"],"amp_enabled":true,"_links":{"self":[{"href":"https:\/\/radiostudiow.com.br\/site\/wp-json\/wp\/v2\/posts\/29800","targetHints":{"allow":["GET"]}}],"collection":[{"href":"https:\/\/radiostudiow.com.br\/site\/wp-json\/wp\/v2\/posts"}],"about":[{"href":"https:\/\/radiostudiow.com.br\/site\/wp-json\/wp\/v2\/types\/post"}],"author":[{"embeddable":true,"href":"https:\/\/radiostudiow.com.br\/site\/wp-json\/wp\/v2\/users\/2"}],"replies":[{"embeddable":true,"href":"https:\/\/radiostudiow.com.br\/site\/wp-json\/wp\/v2\/comments?post=29800"}],"version-history":[{"count":1,"href":"https:\/\/radiostudiow.com.br\/site\/wp-json\/wp\/v2\/posts\/29800\/revisions"}],"predecessor-version":[{"id":29803,"href":"https:\/\/radiostudiow.com.br\/site\/wp-json\/wp\/v2\/posts\/29800\/revisions\/29803"}],"wp:featuredmedia":[{"embeddable":true,"href":"https:\/\/radiostudiow.com.br\/site\/wp-json\/wp\/v2\/media\/29801"}],"wp:attachment":[{"href":"https:\/\/radiostudiow.com.br\/site\/wp-json\/wp\/v2\/media?parent=29800"}],"wp:term":[{"taxonomy":"category","embeddable":true,"href":"https:\/\/radiostudiow.com.br\/site\/wp-json\/wp\/v2\/categories?post=29800"},{"taxonomy":"post_tag","embeddable":true,"href":"https:\/\/radiostudiow.com.br\/site\/wp-json\/wp\/v2\/tags?post=29800"}],"curies":[{"name":"wp","href":"https:\/\/api.w.org\/{rel}","templated":true}]}}