{"id":29811,"date":"2024-11-05T09:57:26","date_gmt":"2024-11-05T12:57:26","guid":{"rendered":"https:\/\/radiostudiow.com.br\/site\/?p=29811"},"modified":"2025-01-31T14:58:16","modified_gmt":"2025-01-31T17:58:16","slug":"homem-e-morto-com-golpe-de-faca-em-reboucas","status":"publish","type":"post","link":"https:\/\/radiostudiow.com.br\/site\/2024\/11\/05\/homem-e-morto-com-golpe-de-faca-em-reboucas\/","title":{"rendered":"Homem \u00e9 morto com golpe de faca em Rebou\u00e7as"},"content":{"rendered":"\n<p>Um homem foi encontrado morto na Avenida Jo\u00e3o Franco Sobrinho, que d\u00e1 acesso ao trevo do meio de Rebou\u00e7as, nas proximidades da rodovi\u00e1ria municipal na noite desse domingo (03).<\/p>\n\n\n\n<figure class=\"wp-block-image size-full\"><img loading=\"lazy\" decoding=\"async\" width=\"897\" height=\"204\" src=\"https:\/\/radiostudiow.com.br\/site\/wp-content\/uploads\/2024\/08\/TIJOLAO.png\" alt=\"\" class=\"wp-image-25951\" srcset=\"https:\/\/radiostudiow.com.br\/site\/wp-content\/uploads\/2024\/08\/TIJOLAO.png 897w, https:\/\/radiostudiow.com.br\/site\/wp-content\/uploads\/2024\/08\/TIJOLAO-300x68.png 300w, https:\/\/radiostudiow.com.br\/site\/wp-content\/uploads\/2024\/08\/TIJOLAO-768x175.png 768w\" sizes=\"auto, (max-width: 897px) 100vw, 897px\" \/><\/figure>\n\n\n\n<p>Moradores ouviram gritos e constataram que havia um homem ca\u00eddo. Em seguida, eles entraram em contato com a Pol\u00edcia Militar. Uma equipe do SAMU constatou a morte de Jos\u00e9 Natal de Andrade de 41 anos.<\/p>\n\n\n\n<p>Os bombeiros comunit\u00e1rios de Rebou\u00e7as tamb\u00e9m foram acionados para atender \u00e0 ocorr\u00eancia. De acordo com os policiais, ele apresentava um ferimento causado por faca.<\/p>\n\n\n\n<p>Nenhum suspeito do homic\u00eddio foi localizado nas proximidades. O caso foi repassado para investiga\u00e7\u00e3o da Pol\u00edcia Civil.<\/p>\n","protected":false},"excerpt":{"rendered":"<p>Um homem foi encontrado morto na Avenida Jo\u00e3o Franco Sobrinho, que d\u00e1 acesso ao trevo do meio de Rebou\u00e7as, nas proximidades da rodovi\u00e1ria municipal na noite desse domingo (03). Moradores ouviram gritos e constataram que havia um homem ca\u00eddo. Em seguida, eles entraram em contato com a Pol\u00edcia Militar. Uma equipe do SAMU constatou a [&hellip;]<\/p>\n","protected":false},"author":2,"featured_media":29812,"comment_status":"open","ping_status":"open","sticky":false,"template":"","format":"standard","meta":{"footnotes":""},"categories":[2],"tags":[172],"class_list":["post-29811","post","type-post","status-publish","format-standard","has-post-thumbnail","hentry","category-policial","tag-featured"],"amp_enabled":true,"_links":{"self":[{"href":"https:\/\/radiostudiow.com.br\/site\/wp-json\/wp\/v2\/posts\/29811","targetHints":{"allow":["GET"]}}],"collection":[{"href":"https:\/\/radiostudiow.com.br\/site\/wp-json\/wp\/v2\/posts"}],"about":[{"href":"https:\/\/radiostudiow.com.br\/site\/wp-json\/wp\/v2\/types\/post"}],"author":[{"embeddable":true,"href":"https:\/\/radiostudiow.com.br\/site\/wp-json\/wp\/v2\/users\/2"}],"replies":[{"embeddable":true,"href":"https:\/\/radiostudiow.com.br\/site\/wp-json\/wp\/v2\/comments?post=29811"}],"version-history":[{"count":2,"href":"https:\/\/radiostudiow.com.br\/site\/wp-json\/wp\/v2\/posts\/29811\/revisions"}],"predecessor-version":[{"id":29814,"href":"https:\/\/radiostudiow.com.br\/site\/wp-json\/wp\/v2\/posts\/29811\/revisions\/29814"}],"wp:featuredmedia":[{"embeddable":true,"href":"https:\/\/radiostudiow.com.br\/site\/wp-json\/wp\/v2\/media\/29812"}],"wp:attachment":[{"href":"https:\/\/radiostudiow.com.br\/site\/wp-json\/wp\/v2\/media?parent=29811"}],"wp:term":[{"taxonomy":"category","embeddable":true,"href":"https:\/\/radiostudiow.com.br\/site\/wp-json\/wp\/v2\/categories?post=29811"},{"taxonomy":"post_tag","embeddable":true,"href":"https:\/\/radiostudiow.com.br\/site\/wp-json\/wp\/v2\/tags?post=29811"}],"curies":[{"name":"wp","href":"https:\/\/api.w.org\/{rel}","templated":true}]}}