{"id":29815,"date":"2024-11-06T09:31:30","date_gmt":"2024-11-06T12:31:30","guid":{"rendered":"https:\/\/radiostudiow.com.br\/site\/?p=29815"},"modified":"2025-01-31T14:58:15","modified_gmt":"2025-01-31T17:58:15","slug":"homem-e-agredido-pelo-tio-com-facao-enquanto-ajudava-sua-avo-em-mallet","status":"publish","type":"post","link":"https:\/\/radiostudiow.com.br\/site\/2024\/11\/06\/homem-e-agredido-pelo-tio-com-facao-enquanto-ajudava-sua-avo-em-mallet\/","title":{"rendered":"Homem \u00e9 agredido pelo tio com fac\u00e3o enquanto ajudava sua av\u00f3 em Mallet"},"content":{"rendered":"\n<figure class=\"wp-block-image size-full\"><img loading=\"lazy\" decoding=\"async\" width=\"598\" height=\"204\" src=\"https:\/\/radiostudiow.com.br\/site\/wp-content\/uploads\/2024\/10\/labirati.png\" alt=\"\" class=\"wp-image-28854\" srcset=\"https:\/\/radiostudiow.com.br\/site\/wp-content\/uploads\/2024\/10\/labirati.png 598w, https:\/\/radiostudiow.com.br\/site\/wp-content\/uploads\/2024\/10\/labirati-300x102.png 300w\" sizes=\"auto, (max-width: 598px) 100vw, 598px\" \/><\/figure>\n\n\n\n<p>A equipe da Pol\u00edcia Militar de Mallet foi acionada por volta das 15:37 horas dessa segunda-feira, 04 de novembro, para atender uma ocorr\u00eancia de les\u00e3o corporal\/viol\u00eancia dom\u00e9stica.<\/p>\n\n\n\n<p>De acordo com o solicitante, ele estava ajudando sua av\u00f3 na resid\u00eancia, quando seu tio come\u00e7ou a insult\u00e1-lo e entraram em vias de fato. Ap\u00f3s isso o autor de posse de um fac\u00e3o desferiu dois golpes no solicitante, resultando em uma les\u00e3o na m\u00e3o esquerda e um ferimento leve na cabe\u00e7a. Em seguida o autor evadiu-se do local.<\/p>\n\n\n\n<figure class=\"wp-block-image size-large\"><img decoding=\"async\" src=\"https:\/\/radiostudiow.com.br\/site\/wp-content\/uploads\/2024\/11\/image-24-1024x390.png\" alt=\"\" class=\"wp-image-29793\"\/><figcaption class=\"wp-element-caption\">AFUBRA IRATI: \ud83d\udccd Rua Coronel Emilio Gomes, 399, Centro &#8211; Irati &#8211; PR \ud83d\udcde(42) 3421-1700<br>AFUBRA IMBITUVA: \ud83d\udccd RUA Jacobe Brener, 830 &#8211; Centro, Imbituva &#8211; PR \ud83d\udcde(42) 3436-84003<\/figcaption><\/figure>\n\n\n\n<p>Diante do exposto a equipe encaminhou a v\u00edtima para o atendimento m\u00e9dico. A v\u00edtima foi orientada sobre os procedimentos e seu direito de representa\u00e7\u00e3o contra o autor.<\/p>\n\n\n\n<p>Foi realizado patrulhamento nas proximidades, n\u00e3o sendo poss\u00edvel localizar o autor.<\/p>\n","protected":false},"excerpt":{"rendered":"<p>A equipe da Pol\u00edcia Militar de Mallet foi acionada por volta das 15:37 horas dessa segunda-feira, 04 de novembro, para atender uma ocorr\u00eancia de les\u00e3o corporal\/viol\u00eancia dom\u00e9stica. De acordo com o solicitante, ele estava ajudando sua av\u00f3 na resid\u00eancia, quando seu tio come\u00e7ou a insult\u00e1-lo e entraram em vias de fato. Ap\u00f3s isso o autor [&hellip;]<\/p>\n","protected":false},"author":2,"featured_media":22837,"comment_status":"open","ping_status":"open","sticky":false,"template":"","format":"standard","meta":{"footnotes":""},"categories":[2],"tags":[172],"class_list":["post-29815","post","type-post","status-publish","format-standard","has-post-thumbnail","hentry","category-policial","tag-featured"],"amp_enabled":true,"_links":{"self":[{"href":"https:\/\/radiostudiow.com.br\/site\/wp-json\/wp\/v2\/posts\/29815","targetHints":{"allow":["GET"]}}],"collection":[{"href":"https:\/\/radiostudiow.com.br\/site\/wp-json\/wp\/v2\/posts"}],"about":[{"href":"https:\/\/radiostudiow.com.br\/site\/wp-json\/wp\/v2\/types\/post"}],"author":[{"embeddable":true,"href":"https:\/\/radiostudiow.com.br\/site\/wp-json\/wp\/v2\/users\/2"}],"replies":[{"embeddable":true,"href":"https:\/\/radiostudiow.com.br\/site\/wp-json\/wp\/v2\/comments?post=29815"}],"version-history":[{"count":2,"href":"https:\/\/radiostudiow.com.br\/site\/wp-json\/wp\/v2\/posts\/29815\/revisions"}],"predecessor-version":[{"id":29866,"href":"https:\/\/radiostudiow.com.br\/site\/wp-json\/wp\/v2\/posts\/29815\/revisions\/29866"}],"wp:featuredmedia":[{"embeddable":true,"href":"https:\/\/radiostudiow.com.br\/site\/wp-json\/wp\/v2\/media\/22837"}],"wp:attachment":[{"href":"https:\/\/radiostudiow.com.br\/site\/wp-json\/wp\/v2\/media?parent=29815"}],"wp:term":[{"taxonomy":"category","embeddable":true,"href":"https:\/\/radiostudiow.com.br\/site\/wp-json\/wp\/v2\/categories?post=29815"},{"taxonomy":"post_tag","embeddable":true,"href":"https:\/\/radiostudiow.com.br\/site\/wp-json\/wp\/v2\/tags?post=29815"}],"curies":[{"name":"wp","href":"https:\/\/api.w.org\/{rel}","templated":true}]}}