{"id":29818,"date":"2024-11-05T11:09:48","date_gmt":"2024-11-05T14:09:48","guid":{"rendered":"https:\/\/radiostudiow.com.br\/site\/?p=29818"},"modified":"2025-01-31T14:58:16","modified_gmt":"2025-01-31T17:58:16","slug":"mulher-foi-agredida-e-ameacada-de-morte-na-area-central-de-uniao-da-vitoria","status":"publish","type":"post","link":"https:\/\/radiostudiow.com.br\/site\/2024\/11\/05\/mulher-foi-agredida-e-ameacada-de-morte-na-area-central-de-uniao-da-vitoria\/","title":{"rendered":"Mulher foi agredida e amea\u00e7ada de morte na \u00e1rea central de Uni\u00e3o da Vit\u00f3ria"},"content":{"rendered":"\n<p>A equipe da Pol\u00edcia Militar de Uni\u00e3o da Vit\u00f3ria foi acionada para atender um caso de les\u00e3o corporal contra uma mulher por volta do 12:54 horas desta segunda-feira (04).<\/p>\n\n\n\n<figure class=\"wp-block-image size-large\"><img decoding=\"async\" src=\"https:\/\/radiostudiow.com.br\/site\/wp-content\/uploads\/2024\/11\/image-24-1024x390.png\" alt=\"\" class=\"wp-image-29793\"\/><figcaption class=\"wp-element-caption\">AFUBRA IRATI: \ud83d\udccd Rua Coronel Emilio Gomes, 399, Centro &#8211; Irati &#8211; PR \ud83d\udcde(42) 3421-1700<br>AFUBRA IMBITUVA: \ud83d\udccd RUA Jacobe Brener, 830 &#8211; Centro, Imbituva &#8211; PR\ud83d\udcde(42) 3436-84003<\/figcaption><\/figure>\n\n\n\n<p>No local, a equipe conversou com a v\u00edtima que contou que foi agredida com chutes que causaram hematomas na perna. Na sequencia, ela foi amea\u00e7ada de morte.<\/p>\n\n\n\n<p>O suspeito fugiu em um ve\u00edculo Hyundai\u00a0\/HB20 de cor prata.\u00a0A equipe fez patrulhamentos nas proximidades mas n\u00e3o localizou o suspeito.<\/p>\n","protected":false},"excerpt":{"rendered":"<p>A equipe da Pol\u00edcia Militar de Uni\u00e3o da Vit\u00f3ria foi acionada para atender um caso de les\u00e3o corporal contra uma mulher por volta do 12:54 horas desta segunda-feira (04). No local, a equipe conversou com a v\u00edtima que contou que foi agredida com chutes que causaram hematomas na perna. Na sequencia, ela foi amea\u00e7ada de [&hellip;]<\/p>\n","protected":false},"author":2,"featured_media":19871,"comment_status":"open","ping_status":"open","sticky":false,"template":"","format":"standard","meta":{"footnotes":""},"categories":[2],"tags":[172],"class_list":["post-29818","post","type-post","status-publish","format-standard","has-post-thumbnail","hentry","category-policial","tag-featured"],"amp_enabled":true,"_links":{"self":[{"href":"https:\/\/radiostudiow.com.br\/site\/wp-json\/wp\/v2\/posts\/29818","targetHints":{"allow":["GET"]}}],"collection":[{"href":"https:\/\/radiostudiow.com.br\/site\/wp-json\/wp\/v2\/posts"}],"about":[{"href":"https:\/\/radiostudiow.com.br\/site\/wp-json\/wp\/v2\/types\/post"}],"author":[{"embeddable":true,"href":"https:\/\/radiostudiow.com.br\/site\/wp-json\/wp\/v2\/users\/2"}],"replies":[{"embeddable":true,"href":"https:\/\/radiostudiow.com.br\/site\/wp-json\/wp\/v2\/comments?post=29818"}],"version-history":[{"count":1,"href":"https:\/\/radiostudiow.com.br\/site\/wp-json\/wp\/v2\/posts\/29818\/revisions"}],"predecessor-version":[{"id":29819,"href":"https:\/\/radiostudiow.com.br\/site\/wp-json\/wp\/v2\/posts\/29818\/revisions\/29819"}],"wp:featuredmedia":[{"embeddable":true,"href":"https:\/\/radiostudiow.com.br\/site\/wp-json\/wp\/v2\/media\/19871"}],"wp:attachment":[{"href":"https:\/\/radiostudiow.com.br\/site\/wp-json\/wp\/v2\/media?parent=29818"}],"wp:term":[{"taxonomy":"category","embeddable":true,"href":"https:\/\/radiostudiow.com.br\/site\/wp-json\/wp\/v2\/categories?post=29818"},{"taxonomy":"post_tag","embeddable":true,"href":"https:\/\/radiostudiow.com.br\/site\/wp-json\/wp\/v2\/tags?post=29818"}],"curies":[{"name":"wp","href":"https:\/\/api.w.org\/{rel}","templated":true}]}}