{"id":29820,"date":"2024-11-05T17:50:05","date_gmt":"2024-11-05T20:50:05","guid":{"rendered":"https:\/\/radiostudiow.com.br\/site\/?p=29820"},"modified":"2025-01-31T14:58:15","modified_gmt":"2025-01-31T17:58:15","slug":"moto-sem-placas-e-com-adulteracao-foi-apreendida-em-uniao-da-vitoria","status":"publish","type":"post","link":"https:\/\/radiostudiow.com.br\/site\/2024\/11\/05\/moto-sem-placas-e-com-adulteracao-foi-apreendida-em-uniao-da-vitoria\/","title":{"rendered":"Moto sem placas e com adultera\u00e7\u00e3o foi apreendida em Uni\u00e3o da Vit\u00f3ria"},"content":{"rendered":"\n<p>Durante patrulhamento de rotina no centro de Uni\u00e3o da Vit\u00f3ria, uma equipe policial avistou uma motocicleta Honda \/CG 125 sendo conduzida por um homem.<\/p>\n\n\n\n<p>A moto, que n\u00e3o possu\u00eda placa de identifica\u00e7\u00e3o, chamou a aten\u00e7\u00e3o dos policiais devido \u00e0 aus\u00eancia de equipamentos obrigat\u00f3rios, al\u00e9m de apresentar sinais evidentes de adultera\u00e7\u00e3o em v\u00e1rias partes.<\/p>\n\n\n\n<figure class=\"wp-block-image size-full\"><img loading=\"lazy\" decoding=\"async\" width=\"897\" height=\"204\" src=\"https:\/\/radiostudiow.com.br\/site\/wp-content\/uploads\/2024\/04\/image-15.png\" alt=\"\" class=\"wp-image-21199\" srcset=\"https:\/\/radiostudiow.com.br\/site\/wp-content\/uploads\/2024\/04\/image-15.png 897w, https:\/\/radiostudiow.com.br\/site\/wp-content\/uploads\/2024\/04\/image-15-300x68.png 300w, https:\/\/radiostudiow.com.br\/site\/wp-content\/uploads\/2024\/04\/image-15-768x175.png 768w\" sizes=\"auto, (max-width: 897px) 100vw, 897px\" \/><\/figure>\n\n\n\n<p>Diante da irregularidade, os policiais procederam com a abordagem e constataram as modifica\u00e7\u00f5es no ve\u00edculo.&nbsp;Por se tratar de um caso de poss\u00edvel roubo ou furto, o condutor foi detido e a motocicleta apreendida.<\/p>\n\n\n\n<p>O homem foi encaminhado \u00e0 4\u00aa Subdivis\u00e3o Policial (SDP) para as provid\u00eancias legais cab\u00edveis.<\/p>\n\n\n\n<p>A pol\u00edcia segue investigando a origem da motocicleta e a poss\u00edvel autoria das adultera\u00e7\u00f5es.<\/p>\n","protected":false},"excerpt":{"rendered":"<p>Durante patrulhamento de rotina no centro de Uni\u00e3o da Vit\u00f3ria, uma equipe policial avistou uma motocicleta Honda \/CG 125 sendo conduzida por um homem. A moto, que n\u00e3o possu\u00eda placa de identifica\u00e7\u00e3o, chamou a aten\u00e7\u00e3o dos policiais devido \u00e0 aus\u00eancia de equipamentos obrigat\u00f3rios, al\u00e9m de apresentar sinais evidentes de adultera\u00e7\u00e3o em v\u00e1rias partes. Diante da [&hellip;]<\/p>\n","protected":false},"author":2,"featured_media":29822,"comment_status":"open","ping_status":"open","sticky":false,"template":"","format":"standard","meta":{"footnotes":""},"categories":[2],"tags":[172],"class_list":["post-29820","post","type-post","status-publish","format-standard","has-post-thumbnail","hentry","category-policial","tag-featured"],"amp_enabled":true,"_links":{"self":[{"href":"https:\/\/radiostudiow.com.br\/site\/wp-json\/wp\/v2\/posts\/29820","targetHints":{"allow":["GET"]}}],"collection":[{"href":"https:\/\/radiostudiow.com.br\/site\/wp-json\/wp\/v2\/posts"}],"about":[{"href":"https:\/\/radiostudiow.com.br\/site\/wp-json\/wp\/v2\/types\/post"}],"author":[{"embeddable":true,"href":"https:\/\/radiostudiow.com.br\/site\/wp-json\/wp\/v2\/users\/2"}],"replies":[{"embeddable":true,"href":"https:\/\/radiostudiow.com.br\/site\/wp-json\/wp\/v2\/comments?post=29820"}],"version-history":[{"count":3,"href":"https:\/\/radiostudiow.com.br\/site\/wp-json\/wp\/v2\/posts\/29820\/revisions"}],"predecessor-version":[{"id":29842,"href":"https:\/\/radiostudiow.com.br\/site\/wp-json\/wp\/v2\/posts\/29820\/revisions\/29842"}],"wp:featuredmedia":[{"embeddable":true,"href":"https:\/\/radiostudiow.com.br\/site\/wp-json\/wp\/v2\/media\/29822"}],"wp:attachment":[{"href":"https:\/\/radiostudiow.com.br\/site\/wp-json\/wp\/v2\/media?parent=29820"}],"wp:term":[{"taxonomy":"category","embeddable":true,"href":"https:\/\/radiostudiow.com.br\/site\/wp-json\/wp\/v2\/categories?post=29820"},{"taxonomy":"post_tag","embeddable":true,"href":"https:\/\/radiostudiow.com.br\/site\/wp-json\/wp\/v2\/tags?post=29820"}],"curies":[{"name":"wp","href":"https:\/\/api.w.org\/{rel}","templated":true}]}}