{"id":29824,"date":"2024-11-05T17:33:28","date_gmt":"2024-11-05T20:33:28","guid":{"rendered":"https:\/\/radiostudiow.com.br\/site\/?p=29824"},"modified":"2025-01-31T14:58:15","modified_gmt":"2025-01-31T17:58:15","slug":"veiculo-furtado-foi-localizado-depenado-no-interior","status":"publish","type":"post","link":"https:\/\/radiostudiow.com.br\/site\/2024\/11\/05\/veiculo-furtado-foi-localizado-depenado-no-interior\/","title":{"rendered":"Ve\u00edculo furtado foi localizado depenado no interior de General Carneiro"},"content":{"rendered":"\n<p>A Pol\u00edcia Militar foi acionada na manh\u00e3 desta segunda-feira, 4, ap\u00f3s receber informa\u00e7\u00f5es sobre a poss\u00edvel localiza\u00e7\u00e3o de um ve\u00edculo furtado na noite de domingo (03).<\/p>\n\n\n\n<p>De acordo com a den\u00fancia, um VW\/Fox com as mesmas caracter\u00edsticas do autom\u00f3vel roubado teria sido visto na regi\u00e3o de Horizonte, interior de General Carneiro.<\/p>\n\n\n\n<figure class=\"wp-block-image size-full\"><img loading=\"lazy\" decoding=\"async\" width=\"598\" height=\"204\" src=\"https:\/\/radiostudiow.com.br\/site\/wp-content\/uploads\/2024\/10\/labirati.png\" alt=\"\" class=\"wp-image-28854\" srcset=\"https:\/\/radiostudiow.com.br\/site\/wp-content\/uploads\/2024\/10\/labirati.png 598w, https:\/\/radiostudiow.com.br\/site\/wp-content\/uploads\/2024\/10\/labirati-300x102.png 300w\" sizes=\"auto, (max-width: 598px) 100vw, 598px\" \/><\/figure>\n\n\n\n<p>A equipe policial se deslocou at\u00e9 o local indicado e, ao chegar, localizou o ve\u00edculo em uma planta\u00e7\u00e3o de pinus, onde estava abandonado.&nbsp;O Fox, que estava com alerta de furto, foi encontrado em condi\u00e7\u00f5es prec\u00e1rias: sem rodas, pneus, bateria e outros componentes essenciais.<\/p>\n\n\n\n<p>Diante da situa\u00e7\u00e3o, a Pol\u00edcia Militar acionou o guincho para remover o ve\u00edculo e, em seguida, fez a entrega do autom\u00f3vel na Delegacia de Uni\u00e3o da Vit\u00f3ria, onde foram tomados os procedimentos cab\u00edveis.<\/p>\n\n\n\n<p>A pol\u00edcia segue investigando o caso para identificar os respons\u00e1veis pelo furto e o desmanche do ve\u00edculo.<\/p>\n","protected":false},"excerpt":{"rendered":"<p>A Pol\u00edcia Militar foi acionada na manh\u00e3 desta segunda-feira, 4, ap\u00f3s receber informa\u00e7\u00f5es sobre a poss\u00edvel localiza\u00e7\u00e3o de um ve\u00edculo furtado na noite de domingo (03). De acordo com a den\u00fancia, um VW\/Fox com as mesmas caracter\u00edsticas do autom\u00f3vel roubado teria sido visto na regi\u00e3o de Horizonte, interior de General Carneiro. A equipe policial se [&hellip;]<\/p>\n","protected":false},"author":2,"featured_media":29826,"comment_status":"open","ping_status":"open","sticky":false,"template":"","format":"standard","meta":{"footnotes":""},"categories":[2],"tags":[172],"class_list":["post-29824","post","type-post","status-publish","format-standard","has-post-thumbnail","hentry","category-policial","tag-featured"],"amp_enabled":true,"_links":{"self":[{"href":"https:\/\/radiostudiow.com.br\/site\/wp-json\/wp\/v2\/posts\/29824","targetHints":{"allow":["GET"]}}],"collection":[{"href":"https:\/\/radiostudiow.com.br\/site\/wp-json\/wp\/v2\/posts"}],"about":[{"href":"https:\/\/radiostudiow.com.br\/site\/wp-json\/wp\/v2\/types\/post"}],"author":[{"embeddable":true,"href":"https:\/\/radiostudiow.com.br\/site\/wp-json\/wp\/v2\/users\/2"}],"replies":[{"embeddable":true,"href":"https:\/\/radiostudiow.com.br\/site\/wp-json\/wp\/v2\/comments?post=29824"}],"version-history":[{"count":3,"href":"https:\/\/radiostudiow.com.br\/site\/wp-json\/wp\/v2\/posts\/29824\/revisions"}],"predecessor-version":[{"id":29841,"href":"https:\/\/radiostudiow.com.br\/site\/wp-json\/wp\/v2\/posts\/29824\/revisions\/29841"}],"wp:featuredmedia":[{"embeddable":true,"href":"https:\/\/radiostudiow.com.br\/site\/wp-json\/wp\/v2\/media\/29826"}],"wp:attachment":[{"href":"https:\/\/radiostudiow.com.br\/site\/wp-json\/wp\/v2\/media?parent=29824"}],"wp:term":[{"taxonomy":"category","embeddable":true,"href":"https:\/\/radiostudiow.com.br\/site\/wp-json\/wp\/v2\/categories?post=29824"},{"taxonomy":"post_tag","embeddable":true,"href":"https:\/\/radiostudiow.com.br\/site\/wp-json\/wp\/v2\/tags?post=29824"}],"curies":[{"name":"wp","href":"https:\/\/api.w.org\/{rel}","templated":true}]}}