{"id":29832,"date":"2024-11-05T11:56:45","date_gmt":"2024-11-05T14:56:45","guid":{"rendered":"https:\/\/radiostudiow.com.br\/site\/?p=29832"},"modified":"2025-01-31T14:58:16","modified_gmt":"2025-01-31T17:58:16","slug":"atencao-urgente-registrado-o-desaparecimento-de-uma-pessoa-da-localidade-de-santa-cruz-em-mallet","status":"publish","type":"post","link":"https:\/\/radiostudiow.com.br\/site\/2024\/11\/05\/atencao-urgente-registrado-o-desaparecimento-de-uma-pessoa-da-localidade-de-santa-cruz-em-mallet\/","title":{"rendered":"ATEN\u00c7\u00c3O URGENTE! Registrado o desaparecimento de uma Pessoa da localidade de Santa Cruz em Mallet"},"content":{"rendered":"\n<p>Um caso de desaparecimento vem preocupando a comunidade de Santa Cruz no interior da cidade de Mallet.<\/p>\n\n\n\n<p>O senhor Silvestre Dombroski, de 63 anos, foi visto pela \u00faltima vez ao meio-dia do dia 4 de novembro de 2024, quando recebeu o almo\u00e7o. Ap\u00f3s esse momento, n\u00e3o foi mais localizado.<\/p>\n\n\n\n<div class=\"wp-block-media-text is-stacked-on-mobile\"><figure class=\"wp-block-media-text__media\"><img loading=\"lazy\" decoding=\"async\" width=\"1024\" height=\"1000\" src=\"https:\/\/radiostudiow.com.br\/site\/wp-content\/uploads\/2024\/10\/435967771_895308802606017_9088893450030346994_n-1024x1000.jpg\" alt=\"\" class=\"wp-image-29000 size-full\" srcset=\"https:\/\/radiostudiow.com.br\/site\/wp-content\/uploads\/2024\/10\/435967771_895308802606017_9088893450030346994_n-1024x1000.jpg 1024w, https:\/\/radiostudiow.com.br\/site\/wp-content\/uploads\/2024\/10\/435967771_895308802606017_9088893450030346994_n-300x293.jpg 300w, https:\/\/radiostudiow.com.br\/site\/wp-content\/uploads\/2024\/10\/435967771_895308802606017_9088893450030346994_n-768x750.jpg 768w, https:\/\/radiostudiow.com.br\/site\/wp-content\/uploads\/2024\/10\/435967771_895308802606017_9088893450030346994_n-1536x1500.jpg 1536w, https:\/\/radiostudiow.com.br\/site\/wp-content\/uploads\/2024\/10\/435967771_895308802606017_9088893450030346994_n.jpg 2048w\" sizes=\"auto, (max-width: 1024px) 100vw, 1024px\" \/><\/figure><div class=\"wp-block-media-text__content\">\n<p><\/p>\n<\/div><\/div>\n\n\n\n<p>Silvestre, que possui hist\u00f3rico de depress\u00e3o e j\u00e1 havia tentado contra a pr\u00f3pria vida anteriormente, enfrenta dificuldades emocionais que o tornam vulner\u00e1vel.<\/p>\n\n\n\n<p>Este n\u00e3o \u00e9 o primeiro caso de desaparecimento: ele j\u00e1 havia se ausentado no dia 1\u00ba de novembro, mas foi encontrado e retornou para casa.<\/p>\n\n\n\n<p>Familiares est\u00e3o angustiados com a situa\u00e7\u00e3o e pedem apoio na busca.<\/p>\n\n\n\n<div class=\"wp-block-media-text is-stacked-on-mobile\" style=\"grid-template-columns:22% auto\"><figure class=\"wp-block-media-text__media\"><img loading=\"lazy\" decoding=\"async\" width=\"165\" height=\"476\" src=\"https:\/\/radiostudiow.com.br\/site\/wp-content\/uploads\/2024\/11\/d07e6cc5-3fea-4cbc-9687-5d0bd8fb0f58.jpeg\" alt=\"\" class=\"wp-image-29834 size-full\" srcset=\"https:\/\/radiostudiow.com.br\/site\/wp-content\/uploads\/2024\/11\/d07e6cc5-3fea-4cbc-9687-5d0bd8fb0f58.jpeg 165w, https:\/\/radiostudiow.com.br\/site\/wp-content\/uploads\/2024\/11\/d07e6cc5-3fea-4cbc-9687-5d0bd8fb0f58-104x300.jpeg 104w\" sizes=\"auto, (max-width: 165px) 100vw, 165px\" \/><\/figure><div class=\"wp-block-media-text__content\">\n<blockquote class=\"wp-block-quote is-layout-flow wp-block-quote-is-layout-flow\">\n<p><strong>Qualquer informa\u00e7\u00e3o sobre o paradeiro de Silvestre Dombroski pode ser essencial para ajudar as autoridades e os familiares. Quem tiver informa\u00e7\u00f5es deve entrar em contato com a Pol\u00edcia Militar atrav\u00e9s do telefone 190, com os Brigadistas Comunit\u00e1rios pelo telefone 42 3542 1411 ou diretamente com a fam\u00edlia.<\/strong><\/p>\n<\/blockquote>\n<\/div><\/div>\n\n\n\n<p><\/p>\n","protected":false},"excerpt":{"rendered":"<p>Um caso de desaparecimento vem preocupando a comunidade de Santa Cruz no interior da cidade de Mallet. O senhor Silvestre Dombroski, de 63 anos, foi visto pela \u00faltima vez ao meio-dia do dia 4 de novembro de 2024, quando recebeu o almo\u00e7o. Ap\u00f3s esse momento, n\u00e3o foi mais localizado. Silvestre, que possui hist\u00f3rico de depress\u00e3o [&hellip;]<\/p>\n","protected":false},"author":2,"featured_media":29833,"comment_status":"open","ping_status":"open","sticky":false,"template":"","format":"standard","meta":{"footnotes":""},"categories":[184],"tags":[172],"class_list":["post-29832","post","type-post","status-publish","format-standard","has-post-thumbnail","hentry","category-local","tag-featured"],"amp_enabled":true,"_links":{"self":[{"href":"https:\/\/radiostudiow.com.br\/site\/wp-json\/wp\/v2\/posts\/29832","targetHints":{"allow":["GET"]}}],"collection":[{"href":"https:\/\/radiostudiow.com.br\/site\/wp-json\/wp\/v2\/posts"}],"about":[{"href":"https:\/\/radiostudiow.com.br\/site\/wp-json\/wp\/v2\/types\/post"}],"author":[{"embeddable":true,"href":"https:\/\/radiostudiow.com.br\/site\/wp-json\/wp\/v2\/users\/2"}],"replies":[{"embeddable":true,"href":"https:\/\/radiostudiow.com.br\/site\/wp-json\/wp\/v2\/comments?post=29832"}],"version-history":[{"count":2,"href":"https:\/\/radiostudiow.com.br\/site\/wp-json\/wp\/v2\/posts\/29832\/revisions"}],"predecessor-version":[{"id":29837,"href":"https:\/\/radiostudiow.com.br\/site\/wp-json\/wp\/v2\/posts\/29832\/revisions\/29837"}],"wp:featuredmedia":[{"embeddable":true,"href":"https:\/\/radiostudiow.com.br\/site\/wp-json\/wp\/v2\/media\/29833"}],"wp:attachment":[{"href":"https:\/\/radiostudiow.com.br\/site\/wp-json\/wp\/v2\/media?parent=29832"}],"wp:term":[{"taxonomy":"category","embeddable":true,"href":"https:\/\/radiostudiow.com.br\/site\/wp-json\/wp\/v2\/categories?post=29832"},{"taxonomy":"post_tag","embeddable":true,"href":"https:\/\/radiostudiow.com.br\/site\/wp-json\/wp\/v2\/tags?post=29832"}],"curies":[{"name":"wp","href":"https:\/\/api.w.org\/{rel}","templated":true}]}}