{"id":29855,"date":"2024-11-05T18:53:26","date_gmt":"2024-11-05T21:53:26","guid":{"rendered":"https:\/\/radiostudiow.com.br\/site\/?p=29855"},"modified":"2025-01-31T14:58:15","modified_gmt":"2025-01-31T17:58:15","slug":"pc-de-irati-prende-homem-indiciado-por-maus-tratos-a-animais","status":"publish","type":"post","link":"https:\/\/radiostudiow.com.br\/site\/2024\/11\/05\/pc-de-irati-prende-homem-indiciado-por-maus-tratos-a-animais\/","title":{"rendered":"PC de Irati prende homem indiciado por maus tratos a animais"},"content":{"rendered":"\n<p>A Pol\u00edcia Civil de Irati prendeu um homem de 34 anos, que havia sido indiciado por maus tratos a animais. Ele foi detido na manh\u00e3 de segunda-feira (04).<\/p>\n\n\n\n<p>Segundo as investiga\u00e7\u00f5es, o homem tinha matado um cachorro que pertencia aos seus vizinhos. O crime ocorreu no dia 29 de agosto. Na ocasi\u00e3o, o propriet\u00e1rio do animal acionou a Pol\u00edcia Militar. Por\u00e9m, o autor n\u00e3o foi localizado naquela oportunidade. Sendo assim, a situa\u00e7\u00e3o foi repassada para a Pol\u00edcia Civil, que prosseguiu as investiga\u00e7\u00f5es.<\/p>\n\n\n\n<figure class=\"wp-block-image size-large is-resized\"><img decoding=\"async\" src=\"https:\/\/radiostudiow.com.br\/site\/wp-content\/uploads\/2024\/11\/image-24-1024x390.png\" alt=\"\" class=\"wp-image-29793\" style=\"width:735px;height:auto\"\/><figcaption class=\"wp-element-caption\">AFUBRA IRATI: \ud83d\udccd Rua Coronel Emilio Gomes, 399, Centro &#8211; Irati &#8211; PR \ud83d\udcde(42) 3421-1700<br>AFUBRA IMBITUVA: \ud83d\udccd RUA Jacobe Brener, 830 &#8211; Centro, Imbituva &#8211; PR \ud83d\udcde(42) 3436-84003<\/figcaption><\/figure>\n\n\n\n<p>De acordo com a Pol\u00edcia Civil, o homem tinha desaven\u00e7as com os vizinhos. Ainda conforme a corpora\u00e7\u00e3o, ele estava passando em frente \u00e0 resid\u00eancia de seus desafetos, quando um cachorro da ra\u00e7a pinscher da fam\u00edlia come\u00e7ou a latir na sua dire\u00e7\u00e3o. Depois disso, o autor atingiu o animal com um peda\u00e7o de madeira na cabe\u00e7a. O cachorro n\u00e3o resistiu e morreu no local.<\/p>\n\n\n\n<p>O autor ainda teria amea\u00e7ado matar outros cachorros e os pr\u00f3prios vizinhos. A Pol\u00edcia Civil solicitou a pris\u00e3o preventiva do homem, que foi acatada pela justi\u00e7a. De acordo com a corpora\u00e7\u00e3o, as penas contra maus tratos a animais, como gatos e cachorros, t\u00eam penas mais elevadas.<\/p>\n\n\n\n<p><a href=\"https:\/\/api.whatsapp.com\/send?phone=5542991058084&amp;text=Vi%20o%20an%C3%BAncio%20na%20Naju%C3%A1\" target=\"_blank\" rel=\"noreferrer noopener\"><\/a><\/p>\n","protected":false},"excerpt":{"rendered":"<p>A Pol\u00edcia Civil de Irati prendeu um homem de 34 anos, que havia sido indiciado por maus tratos a animais. Ele foi detido na manh\u00e3 de segunda-feira (04). Segundo as investiga\u00e7\u00f5es, o homem tinha matado um cachorro que pertencia aos seus vizinhos. O crime ocorreu no dia 29 de agosto. Na ocasi\u00e3o, o propriet\u00e1rio do [&hellip;]<\/p>\n","protected":false},"author":2,"featured_media":29856,"comment_status":"open","ping_status":"open","sticky":false,"template":"","format":"standard","meta":{"footnotes":""},"categories":[2],"tags":[172],"class_list":["post-29855","post","type-post","status-publish","format-standard","has-post-thumbnail","hentry","category-policial","tag-featured"],"amp_enabled":true,"_links":{"self":[{"href":"https:\/\/radiostudiow.com.br\/site\/wp-json\/wp\/v2\/posts\/29855","targetHints":{"allow":["GET"]}}],"collection":[{"href":"https:\/\/radiostudiow.com.br\/site\/wp-json\/wp\/v2\/posts"}],"about":[{"href":"https:\/\/radiostudiow.com.br\/site\/wp-json\/wp\/v2\/types\/post"}],"author":[{"embeddable":true,"href":"https:\/\/radiostudiow.com.br\/site\/wp-json\/wp\/v2\/users\/2"}],"replies":[{"embeddable":true,"href":"https:\/\/radiostudiow.com.br\/site\/wp-json\/wp\/v2\/comments?post=29855"}],"version-history":[{"count":1,"href":"https:\/\/radiostudiow.com.br\/site\/wp-json\/wp\/v2\/posts\/29855\/revisions"}],"predecessor-version":[{"id":29857,"href":"https:\/\/radiostudiow.com.br\/site\/wp-json\/wp\/v2\/posts\/29855\/revisions\/29857"}],"wp:featuredmedia":[{"embeddable":true,"href":"https:\/\/radiostudiow.com.br\/site\/wp-json\/wp\/v2\/media\/29856"}],"wp:attachment":[{"href":"https:\/\/radiostudiow.com.br\/site\/wp-json\/wp\/v2\/media?parent=29855"}],"wp:term":[{"taxonomy":"category","embeddable":true,"href":"https:\/\/radiostudiow.com.br\/site\/wp-json\/wp\/v2\/categories?post=29855"},{"taxonomy":"post_tag","embeddable":true,"href":"https:\/\/radiostudiow.com.br\/site\/wp-json\/wp\/v2\/tags?post=29855"}],"curies":[{"name":"wp","href":"https:\/\/api.w.org\/{rel}","templated":true}]}}