{"id":29869,"date":"2024-11-06T09:47:44","date_gmt":"2024-11-06T12:47:44","guid":{"rendered":"https:\/\/radiostudiow.com.br\/site\/?p=29869"},"modified":"2025-01-31T14:58:15","modified_gmt":"2025-01-31T17:58:15","slug":"quatro-pessoas-ficam-feridas-apos-colisao-na-br-277-em-fernandes-pinhei","status":"publish","type":"post","link":"https:\/\/radiostudiow.com.br\/site\/2024\/11\/06\/quatro-pessoas-ficam-feridas-apos-colisao-na-br-277-em-fernandes-pinhei\/","title":{"rendered":"Quatro pessoas ficam feridas ap\u00f3s colis\u00e3o na BR-277 em Fernandes Pinheiro"},"content":{"rendered":"\n<p>Uma ambul\u00e2ncia do munic\u00edpio de Chopinzinho colidiu na traseira de um ve\u00edculo Nivus, de S\u00e3o Paulo, na BR-277, em Fernandes Pinheiro, por volta das 5 horas dessa segunda-feira (04).<\/p>\n\n\n\n<figure class=\"wp-block-image size-large\"><img decoding=\"async\" src=\"https:\/\/radiostudiow.com.br\/site\/wp-content\/uploads\/2024\/10\/zm_0002_24AG_anuncio_261x83mm-1024x359.png\" alt=\"\" class=\"wp-image-28224\"\/><\/figure>\n\n\n\n<p>Os ve\u00edculos ficaram fora da pista em um barranco. Mesmo assim, houve necessidade de interditar a rodovia por aproximadamente 15 minutos para remo\u00e7\u00e3o dos ve\u00edculos.<\/p>\n\n\n\n<p>Segundo a Pol\u00edcia Rodovi\u00e1ria Federal (PRF), quatro pessoas ficaram feridas no acidente, sendo que tr\u00eas tiveram les\u00f5es leves na ambul\u00e2ncia e uma no carro. Todos foram encaminhados ao Pronto Atendimento de Fernandes Pinheiro.<\/p>\n","protected":false},"excerpt":{"rendered":"<p>Uma ambul\u00e2ncia do munic\u00edpio de Chopinzinho colidiu na traseira de um ve\u00edculo Nivus, de S\u00e3o Paulo, na BR-277, em Fernandes Pinheiro, por volta das 5 horas dessa segunda-feira (04). Os ve\u00edculos ficaram fora da pista em um barranco. Mesmo assim, houve necessidade de interditar a rodovia por aproximadamente 15 minutos para remo\u00e7\u00e3o dos ve\u00edculos. Segundo [&hellip;]<\/p>\n","protected":false},"author":2,"featured_media":29871,"comment_status":"open","ping_status":"open","sticky":false,"template":"","format":"standard","meta":{"footnotes":""},"categories":[185],"tags":[172],"class_list":["post-29869","post","type-post","status-publish","format-standard","has-post-thumbnail","hentry","category-regional","tag-featured"],"amp_enabled":true,"_links":{"self":[{"href":"https:\/\/radiostudiow.com.br\/site\/wp-json\/wp\/v2\/posts\/29869","targetHints":{"allow":["GET"]}}],"collection":[{"href":"https:\/\/radiostudiow.com.br\/site\/wp-json\/wp\/v2\/posts"}],"about":[{"href":"https:\/\/radiostudiow.com.br\/site\/wp-json\/wp\/v2\/types\/post"}],"author":[{"embeddable":true,"href":"https:\/\/radiostudiow.com.br\/site\/wp-json\/wp\/v2\/users\/2"}],"replies":[{"embeddable":true,"href":"https:\/\/radiostudiow.com.br\/site\/wp-json\/wp\/v2\/comments?post=29869"}],"version-history":[{"count":2,"href":"https:\/\/radiostudiow.com.br\/site\/wp-json\/wp\/v2\/posts\/29869\/revisions"}],"predecessor-version":[{"id":29873,"href":"https:\/\/radiostudiow.com.br\/site\/wp-json\/wp\/v2\/posts\/29869\/revisions\/29873"}],"wp:featuredmedia":[{"embeddable":true,"href":"https:\/\/radiostudiow.com.br\/site\/wp-json\/wp\/v2\/media\/29871"}],"wp:attachment":[{"href":"https:\/\/radiostudiow.com.br\/site\/wp-json\/wp\/v2\/media?parent=29869"}],"wp:term":[{"taxonomy":"category","embeddable":true,"href":"https:\/\/radiostudiow.com.br\/site\/wp-json\/wp\/v2\/categories?post=29869"},{"taxonomy":"post_tag","embeddable":true,"href":"https:\/\/radiostudiow.com.br\/site\/wp-json\/wp\/v2\/tags?post=29869"}],"curies":[{"name":"wp","href":"https:\/\/api.w.org\/{rel}","templated":true}]}}