{"id":29876,"date":"2024-11-06T09:54:51","date_gmt":"2024-11-06T12:54:51","guid":{"rendered":"https:\/\/radiostudiow.com.br\/site\/?p=29876"},"modified":"2025-01-31T14:58:15","modified_gmt":"2025-01-31T17:58:15","slug":"homem-e-preso-pela-policia-civil-pelo-crime-de-estupro-em-sao-mateus-do-sul","status":"publish","type":"post","link":"https:\/\/radiostudiow.com.br\/site\/2024\/11\/06\/homem-e-preso-pela-policia-civil-pelo-crime-de-estupro-em-sao-mateus-do-sul\/","title":{"rendered":"Homem \u00e9 preso pela Pol\u00edcia Civil pelo crime de estupro em S\u00e3o Mateus do Sul"},"content":{"rendered":"\n<p>A Pol\u00edcia Civil (PCPR) de S\u00e3o Mateus do Sul, prendeu um homem de 34 anos que possu\u00eda em seu desfavor mandado de pris\u00e3o por condena\u00e7\u00e3o definitiva pelo crime de estupro. O crime ocorreu no ano de 2015 em S\u00e3o Mateus do Sul e resultou em uma condena\u00e7\u00e3o de 9 anos e 4 meses de pris\u00e3o em regime inicial fechado.<\/p>\n\n\n\n<figure class=\"wp-block-image size-full\"><img decoding=\"async\" src=\"https:\/\/radiostudiow.com.br\/site\/wp-content\/uploads\/2024\/04\/image-42.png\" alt=\"\" class=\"wp-image-21334\"\/><\/figure>\n\n\n\n<p>O homem estava foragido desde o in\u00edcio do m\u00eas de outubro de 2024, quando foi expedido seu mandado de pris\u00e3o pelo Poder Judici\u00e1rio.<\/p>\n\n\n\n<p>\u201cA partir de ent\u00e3o, iniciou-se um intenso trabalho investigativo a fim de localizar seu paradeiro, o que ocorreu na manh\u00e3 desta ter\u00e7a-feira (5), com sua captura na zona rural de S\u00e3o Mateus do Sul\u201d, informou a Pol\u00edcia. A pris\u00e3o aconteceu na localidade de Passo do Meio.<\/p>\n\n\n\n<figure class=\"wp-block-image size-full\"><img loading=\"lazy\" decoding=\"async\" width=\"300\" height=\"180\" src=\"https:\/\/radiostudiow.com.br\/site\/wp-content\/uploads\/2024\/04\/image-26.png\" alt=\"\" class=\"wp-image-21279\"\/><\/figure>\n\n\n\n<p>Eles tamb\u00e9m destacaram que essa pris\u00e3o refor\u00e7a o compromisso da PCPR com a seguran\u00e7a da popula\u00e7\u00e3o, prote\u00e7\u00e3o das v\u00edtimas e a responsabiliza\u00e7\u00e3o de infratores, especialmente quando se tratam de crimes de tamanha gravidade. Maiores detalhes foram reservados para preservar a v\u00edtima.<\/p>\n","protected":false},"excerpt":{"rendered":"<p>A Pol\u00edcia Civil (PCPR) de S\u00e3o Mateus do Sul, prendeu um homem de 34 anos que possu\u00eda em seu desfavor mandado de pris\u00e3o por condena\u00e7\u00e3o definitiva pelo crime de estupro. O crime ocorreu no ano de 2015 em S\u00e3o Mateus do Sul e resultou em uma condena\u00e7\u00e3o de 9 anos e 4 meses de pris\u00e3o [&hellip;]<\/p>\n","protected":false},"author":2,"featured_media":29856,"comment_status":"open","ping_status":"open","sticky":false,"template":"","format":"standard","meta":{"footnotes":""},"categories":[2],"tags":[172],"class_list":["post-29876","post","type-post","status-publish","format-standard","has-post-thumbnail","hentry","category-policial","tag-featured"],"amp_enabled":true,"_links":{"self":[{"href":"https:\/\/radiostudiow.com.br\/site\/wp-json\/wp\/v2\/posts\/29876","targetHints":{"allow":["GET"]}}],"collection":[{"href":"https:\/\/radiostudiow.com.br\/site\/wp-json\/wp\/v2\/posts"}],"about":[{"href":"https:\/\/radiostudiow.com.br\/site\/wp-json\/wp\/v2\/types\/post"}],"author":[{"embeddable":true,"href":"https:\/\/radiostudiow.com.br\/site\/wp-json\/wp\/v2\/users\/2"}],"replies":[{"embeddable":true,"href":"https:\/\/radiostudiow.com.br\/site\/wp-json\/wp\/v2\/comments?post=29876"}],"version-history":[{"count":1,"href":"https:\/\/radiostudiow.com.br\/site\/wp-json\/wp\/v2\/posts\/29876\/revisions"}],"predecessor-version":[{"id":29878,"href":"https:\/\/radiostudiow.com.br\/site\/wp-json\/wp\/v2\/posts\/29876\/revisions\/29878"}],"wp:featuredmedia":[{"embeddable":true,"href":"https:\/\/radiostudiow.com.br\/site\/wp-json\/wp\/v2\/media\/29856"}],"wp:attachment":[{"href":"https:\/\/radiostudiow.com.br\/site\/wp-json\/wp\/v2\/media?parent=29876"}],"wp:term":[{"taxonomy":"category","embeddable":true,"href":"https:\/\/radiostudiow.com.br\/site\/wp-json\/wp\/v2\/categories?post=29876"},{"taxonomy":"post_tag","embeddable":true,"href":"https:\/\/radiostudiow.com.br\/site\/wp-json\/wp\/v2\/tags?post=29876"}],"curies":[{"name":"wp","href":"https:\/\/api.w.org\/{rel}","templated":true}]}}