{"id":29885,"date":"2024-11-06T17:31:44","date_gmt":"2024-11-06T20:31:44","guid":{"rendered":"https:\/\/radiostudiow.com.br\/site\/?p=29885"},"modified":"2025-01-31T14:58:15","modified_gmt":"2025-01-31T17:58:15","slug":"veiculo-tomba-apos-acidente-na-br-476-em-sao-mateus-do-sul","status":"publish","type":"post","link":"https:\/\/radiostudiow.com.br\/site\/2024\/11\/06\/veiculo-tomba-apos-acidente-na-br-476-em-sao-mateus-do-sul\/","title":{"rendered":"Ve\u00edculo tomba ap\u00f3s acidente na BR-476 em S\u00e3o Mateus do Sul"},"content":{"rendered":"\n<p>Um acidente foi registrado na tarde desta quarta-feira, 06 de novembro, na BR-476, na entrada de acesso \u00e0 Vila Americana, em S\u00e3o Mateus do Sul.<\/p>\n\n\n\n<div class=\"wp-block-media-text is-stacked-on-mobile\"><figure class=\"wp-block-media-text__media\"><img decoding=\"async\" src=\"https:\/\/radiostudiow.com.br\/site\/wp-content\/uploads\/2024\/10\/image-64-1024x1024.png\" alt=\"\" class=\"wp-image-29382 size-full\"\/><\/figure><div class=\"wp-block-media-text__content\">\n<p><\/p>\n<\/div><\/div>\n\n\n\n<p>A colis\u00e3o envolveu um GM Corsa de cor cinza e um Volkswagen\/UP de cor vermelha, que acabou tombando devido \u00e0 batida.<\/p>\n\n\n\n<p>A Pol\u00edcia Militar foi acionada e prestou atendimento \u00e0 ocorr\u00eancia, que n\u00e3o teve nenhum ferido. Uma equipe da Pol\u00edcia Rodovi\u00e1ria Federal (PRF) tamb\u00e9m foi chamada e esteve no local prestando atendimento.<\/p>\n","protected":false},"excerpt":{"rendered":"<p>Um acidente foi registrado na tarde desta quarta-feira, 06 de novembro, na BR-476, na entrada de acesso \u00e0 Vila Americana, em S\u00e3o Mateus do Sul. A colis\u00e3o envolveu um GM Corsa de cor cinza e um Volkswagen\/UP de cor vermelha, que acabou tombando devido \u00e0 batida. A Pol\u00edcia Militar foi acionada e prestou atendimento \u00e0 [&hellip;]<\/p>\n","protected":false},"author":2,"featured_media":29887,"comment_status":"open","ping_status":"open","sticky":false,"template":"","format":"standard","meta":{"footnotes":""},"categories":[185],"tags":[172],"class_list":["post-29885","post","type-post","status-publish","format-standard","has-post-thumbnail","hentry","category-regional","tag-featured"],"amp_enabled":true,"_links":{"self":[{"href":"https:\/\/radiostudiow.com.br\/site\/wp-json\/wp\/v2\/posts\/29885","targetHints":{"allow":["GET"]}}],"collection":[{"href":"https:\/\/radiostudiow.com.br\/site\/wp-json\/wp\/v2\/posts"}],"about":[{"href":"https:\/\/radiostudiow.com.br\/site\/wp-json\/wp\/v2\/types\/post"}],"author":[{"embeddable":true,"href":"https:\/\/radiostudiow.com.br\/site\/wp-json\/wp\/v2\/users\/2"}],"replies":[{"embeddable":true,"href":"https:\/\/radiostudiow.com.br\/site\/wp-json\/wp\/v2\/comments?post=29885"}],"version-history":[{"count":1,"href":"https:\/\/radiostudiow.com.br\/site\/wp-json\/wp\/v2\/posts\/29885\/revisions"}],"predecessor-version":[{"id":29888,"href":"https:\/\/radiostudiow.com.br\/site\/wp-json\/wp\/v2\/posts\/29885\/revisions\/29888"}],"wp:featuredmedia":[{"embeddable":true,"href":"https:\/\/radiostudiow.com.br\/site\/wp-json\/wp\/v2\/media\/29887"}],"wp:attachment":[{"href":"https:\/\/radiostudiow.com.br\/site\/wp-json\/wp\/v2\/media?parent=29885"}],"wp:term":[{"taxonomy":"category","embeddable":true,"href":"https:\/\/radiostudiow.com.br\/site\/wp-json\/wp\/v2\/categories?post=29885"},{"taxonomy":"post_tag","embeddable":true,"href":"https:\/\/radiostudiow.com.br\/site\/wp-json\/wp\/v2\/tags?post=29885"}],"curies":[{"name":"wp","href":"https:\/\/api.w.org\/{rel}","templated":true}]}}