{"id":29895,"date":"2024-11-06T17:56:55","date_gmt":"2024-11-06T20:56:55","guid":{"rendered":"https:\/\/radiostudiow.com.br\/site\/?p=29895"},"modified":"2025-01-31T14:58:15","modified_gmt":"2025-01-31T17:58:15","slug":"jovem-morre-apos-acidente-durante-reparos-no-telhado","status":"publish","type":"post","link":"https:\/\/radiostudiow.com.br\/site\/2024\/11\/06\/jovem-morre-apos-acidente-durante-reparos-no-telhado\/","title":{"rendered":"Jovem de Cruz Machado morre ap\u00f3s acidente durante reparos no telhado"},"content":{"rendered":"\n<p>Um tr\u00e1gico acidente tirou a vida de Rafael Siepko, um jovem morador de Cruz Machado, ap\u00f3s ele sofrer uma queda enquanto realizava reparos no telhado de sua resid\u00eancia.<\/p>\n\n\n\n<figure class=\"wp-block-image size-full\"><img loading=\"lazy\" decoding=\"async\" width=\"598\" height=\"204\" src=\"https:\/\/radiostudiow.com.br\/site\/wp-content\/uploads\/2024\/10\/labirati.png\" alt=\"\" class=\"wp-image-28854\" srcset=\"https:\/\/radiostudiow.com.br\/site\/wp-content\/uploads\/2024\/10\/labirati.png 598w, https:\/\/radiostudiow.com.br\/site\/wp-content\/uploads\/2024\/10\/labirati-300x102.png 300w\" sizes=\"auto, (max-width: 598px) 100vw, 598px\" \/><\/figure>\n\n\n\n<p>A cidade de Cruz Machado foi atingida por uma forte chuva de granizo, no dia 29 de outubro, que causou danos a diversas casas na regi\u00e3o e no dia seguinte, 30 de outubro, Rafael subiu no telhado para consertar os estragos, mas acabou caindo.<\/p>\n\n\n\n<p>A\u00a0queda resultou em uma grave les\u00e3o na cabe\u00e7a, e ele precisou ser hospitalizado com urg\u00eancia.\u00a0Dada a gravidade do ferimento, Rafael foi transferido para o Hospital Regional, onde foi internado na UTI.<\/p>\n\n\n\n<p><strong>Apesar dos esfor\u00e7os m\u00e9dicos, Rafael n\u00e3o resistiu aos ferimentos, e veio a falecer nesta quarta-feira (06).<\/strong><\/p>\n\n\n\n<p><a target=\"_blank\" href=\"mailto:?subject=Jovem%20morre%20ap%C3%B3s%20acidente%20durante%20reparos%20no%20telhado&amp;body=https:\/\/www.vvale.com.br\/seguranca\/jovem-morre-apos-acidente-durante-reparos-no-telhado\/\" rel=\"noreferrer noopener\"><\/a><\/p>\n","protected":false},"excerpt":{"rendered":"<p>Um tr\u00e1gico acidente tirou a vida de Rafael Siepko, um jovem morador de Cruz Machado, ap\u00f3s ele sofrer uma queda enquanto realizava reparos no telhado de sua resid\u00eancia. A cidade de Cruz Machado foi atingida por uma forte chuva de granizo, no dia 29 de outubro, que causou danos a diversas casas na regi\u00e3o e [&hellip;]<\/p>\n","protected":false},"author":2,"featured_media":29896,"comment_status":"open","ping_status":"open","sticky":false,"template":"","format":"standard","meta":{"footnotes":""},"categories":[185],"tags":[172],"class_list":["post-29895","post","type-post","status-publish","format-standard","has-post-thumbnail","hentry","category-regional","tag-featured"],"amp_enabled":true,"_links":{"self":[{"href":"https:\/\/radiostudiow.com.br\/site\/wp-json\/wp\/v2\/posts\/29895","targetHints":{"allow":["GET"]}}],"collection":[{"href":"https:\/\/radiostudiow.com.br\/site\/wp-json\/wp\/v2\/posts"}],"about":[{"href":"https:\/\/radiostudiow.com.br\/site\/wp-json\/wp\/v2\/types\/post"}],"author":[{"embeddable":true,"href":"https:\/\/radiostudiow.com.br\/site\/wp-json\/wp\/v2\/users\/2"}],"replies":[{"embeddable":true,"href":"https:\/\/radiostudiow.com.br\/site\/wp-json\/wp\/v2\/comments?post=29895"}],"version-history":[{"count":4,"href":"https:\/\/radiostudiow.com.br\/site\/wp-json\/wp\/v2\/posts\/29895\/revisions"}],"predecessor-version":[{"id":29923,"href":"https:\/\/radiostudiow.com.br\/site\/wp-json\/wp\/v2\/posts\/29895\/revisions\/29923"}],"wp:featuredmedia":[{"embeddable":true,"href":"https:\/\/radiostudiow.com.br\/site\/wp-json\/wp\/v2\/media\/29896"}],"wp:attachment":[{"href":"https:\/\/radiostudiow.com.br\/site\/wp-json\/wp\/v2\/media?parent=29895"}],"wp:term":[{"taxonomy":"category","embeddable":true,"href":"https:\/\/radiostudiow.com.br\/site\/wp-json\/wp\/v2\/categories?post=29895"},{"taxonomy":"post_tag","embeddable":true,"href":"https:\/\/radiostudiow.com.br\/site\/wp-json\/wp\/v2\/tags?post=29895"}],"curies":[{"name":"wp","href":"https:\/\/api.w.org\/{rel}","templated":true}]}}