{"id":29898,"date":"2024-11-06T18:02:39","date_gmt":"2024-11-06T21:02:39","guid":{"rendered":"https:\/\/radiostudiow.com.br\/site\/?p=29898"},"modified":"2025-01-31T14:58:15","modified_gmt":"2025-01-31T17:58:15","slug":"homem-e-preso-em-flagrante-por-embriaguez-ao-volante-em-irati","status":"publish","type":"post","link":"https:\/\/radiostudiow.com.br\/site\/2024\/11\/06\/homem-e-preso-em-flagrante-por-embriaguez-ao-volante-em-irati\/","title":{"rendered":"Homem \u00e9 preso em flagrante por embriaguez ao volante em Irati"},"content":{"rendered":"\n<p>A equipe acionada para dar atendimento na vila matilde de uma poss\u00edvel abordagem de suspeito que estaria com um ve\u00edculo Ford\/Escort dirigindo em zig zag causando perigo de dano na via por volta das 20:53 horas dessa ter\u00e7a-feira (05). <\/p>\n\n\n\n<p>Durante o deslocamento a equipe tomou ci\u00eancia de que um ve\u00edculo Ford Escort de cor cinza havia se envolvido em um acidente onde veio a colidir com outro ve\u00edculo devidamente estacionado na via, ve\u00edculo este um Palio.<\/p>\n\n\n\n<p>No local foi constatado o ve\u00edculo Escort cor cinza qual estava danificado e foi informado por populares que o condutor havia se evadido sentido a mata pulando cercas.<\/p>\n\n\n\n<figure class=\"wp-block-image size-large\"><img decoding=\"async\" src=\"https:\/\/radiostudiow.com.br\/site\/wp-content\/uploads\/2024\/11\/image-24-1024x390.png\" alt=\"\" class=\"wp-image-29793\"\/><figcaption class=\"wp-element-caption\">AFUBRA IRATI: \ud83d\udccd Rua Coronel Emilio Gomes, 399, Centro &#8211; Irati &#8211; PR \ud83d\udcde(42) 3421-1700<br>AFUBRA IMBITUVA: \ud83d\udccd RUA Jacobe Brener, 830 &#8211; Centro, Imbituva &#8211; PR \ud83d\udcde(42) 3436-84003<\/figcaption><\/figure>\n\n\n\n<p>A equipe realizou buscas localizando dentro de um c\u00f3rrego o suspeito a aproximadamente 100 metros do ve\u00edculo. Ele aparentava estar desconcertado sem saber onde estava nem o que havia acontecido, a equipe precisou verbalizar diversas vezes at\u00e9 conseguir realizar a abordagem, foi constatado que estava com forte odor et\u00edlico, fala enrolada, falta de equil\u00edbrio.<\/p>\n\n\n\n<p>Diante dos fatos foi conduzido at\u00e9 a sede da 8 CIPM onde foi oferecido o teste do etil\u00f4metro, qual aferiu 1,00 mg\/l de \u00e1lcool por litro de ar alveolar expelido.<\/p>\n\n\n\n<p>Diante dos fatos foi dado voz de pris\u00e3o, feito o recolhimento do ve\u00edculo por pend\u00eancias administrativas e conduzido at\u00e9 a 41\u00aa Delegacia de Pol\u00edcia C\u00edvil.<\/p>\n","protected":false},"excerpt":{"rendered":"<p>A equipe acionada para dar atendimento na vila matilde de uma poss\u00edvel abordagem de suspeito que estaria com um ve\u00edculo Ford\/Escort dirigindo em zig zag causando perigo de dano na via por volta das 20:53 horas dessa ter\u00e7a-feira (05). Durante o deslocamento a equipe tomou ci\u00eancia de que um ve\u00edculo Ford Escort de cor cinza [&hellip;]<\/p>\n","protected":false},"author":2,"featured_media":29899,"comment_status":"open","ping_status":"open","sticky":false,"template":"","format":"standard","meta":{"footnotes":""},"categories":[2],"tags":[172],"class_list":["post-29898","post","type-post","status-publish","format-standard","has-post-thumbnail","hentry","category-policial","tag-featured"],"amp_enabled":true,"_links":{"self":[{"href":"https:\/\/radiostudiow.com.br\/site\/wp-json\/wp\/v2\/posts\/29898","targetHints":{"allow":["GET"]}}],"collection":[{"href":"https:\/\/radiostudiow.com.br\/site\/wp-json\/wp\/v2\/posts"}],"about":[{"href":"https:\/\/radiostudiow.com.br\/site\/wp-json\/wp\/v2\/types\/post"}],"author":[{"embeddable":true,"href":"https:\/\/radiostudiow.com.br\/site\/wp-json\/wp\/v2\/users\/2"}],"replies":[{"embeddable":true,"href":"https:\/\/radiostudiow.com.br\/site\/wp-json\/wp\/v2\/comments?post=29898"}],"version-history":[{"count":1,"href":"https:\/\/radiostudiow.com.br\/site\/wp-json\/wp\/v2\/posts\/29898\/revisions"}],"predecessor-version":[{"id":29900,"href":"https:\/\/radiostudiow.com.br\/site\/wp-json\/wp\/v2\/posts\/29898\/revisions\/29900"}],"wp:featuredmedia":[{"embeddable":true,"href":"https:\/\/radiostudiow.com.br\/site\/wp-json\/wp\/v2\/media\/29899"}],"wp:attachment":[{"href":"https:\/\/radiostudiow.com.br\/site\/wp-json\/wp\/v2\/media?parent=29898"}],"wp:term":[{"taxonomy":"category","embeddable":true,"href":"https:\/\/radiostudiow.com.br\/site\/wp-json\/wp\/v2\/categories?post=29898"},{"taxonomy":"post_tag","embeddable":true,"href":"https:\/\/radiostudiow.com.br\/site\/wp-json\/wp\/v2\/tags?post=29898"}],"curies":[{"name":"wp","href":"https:\/\/api.w.org\/{rel}","templated":true}]}}