{"id":29929,"date":"2024-11-07T09:21:44","date_gmt":"2024-11-07T12:21:44","guid":{"rendered":"https:\/\/radiostudiow.com.br\/site\/?p=29929"},"modified":"2025-01-31T14:58:15","modified_gmt":"2025-01-31T17:58:15","slug":"crianca-e-arrastada-pela-correnteza-em-general-carneiro-e-segue-desaparecida","status":"publish","type":"post","link":"https:\/\/radiostudiow.com.br\/site\/2024\/11\/07\/crianca-e-arrastada-pela-correnteza-em-general-carneiro-e-segue-desaparecida\/","title":{"rendered":"Crian\u00e7a \u00e9 arrastada pela correnteza em General Carneiro e segue desaparecida"},"content":{"rendered":"\n<p>Uma crian\u00e7a de tr\u00eas anos foi arrastada pela correnteza diante a muita chuva na cidade de General Carneiro, durante a madrugada desta quinta-feira (07). A menina e sua fam\u00edlia residem na \u00e1rea do CTG, no bairro Planalto.<\/p>\n\n\n\n<p><strong><em>\u201cMeu Deus, gente, a m\u00e3e da menininha est\u00e1 desesperada. Ser\u00e1 que algu\u00e9m pode chamar um bombeiro? Algu\u00e9m consegue vir ajudar? Estamos tentando procurar a crian\u00e7a, mas a \u00e1gua est\u00e1 muito forte. E ela tem apenas tr\u00eas anos, a gente n\u00e3o est\u00e1 conseguindo encontrar a menina\u201d, desabafa a moradora, visivelmente angustiada.<\/em><\/strong><\/p>\n\n\n\n<figure class=\"wp-block-image size-large\"><img decoding=\"async\" src=\"https:\/\/radiostudiow.com.br\/site\/wp-content\/uploads\/2024\/11\/image-24-1024x390.png\" alt=\"\" class=\"wp-image-29793\"\/><figcaption class=\"wp-element-caption\">AFUBRA IRATI: \ud83d\udccd Rua Coronel Emilio Gomes, 399, Centro &#8211; Irati &#8211; PR \ud83d\udcde(42) 3421-1700<br>AFUBRA IMBITUVA: \ud83d\udccd RUA Jacobe Brener, 830 &#8211; Centro, Imbituva &#8211; PR \ud83d\udcde(42) 3436-84003<\/figcaption><\/figure>\n\n\n\n<p>O Corpo de Bombeiros de Uni\u00e3o da Vit\u00f3ria est\u00e1 no local, realizando buscas a menina e prestando apoio \u00e0s fam\u00edlias afetadas pela trag\u00e9dia. Conforme informa\u00e7\u00f5es da Defesa Civil de General Carneiro foram registrados durante a madrugada mais de 200 mm de chuva.<\/p>\n\n\n\n<p>Segundo relatos, a chuva torrencial iniciou por volta da meia noite e s\u00f3 cessou pr\u00f3ximo das 06 horas da manh\u00e3.<\/p>\n","protected":false},"excerpt":{"rendered":"<p>Uma crian\u00e7a de tr\u00eas anos foi arrastada pela correnteza diante a muita chuva na cidade de General Carneiro, durante a madrugada desta quinta-feira (07). A menina e sua fam\u00edlia residem na \u00e1rea do CTG, no bairro Planalto. \u201cMeu Deus, gente, a m\u00e3e da menininha est\u00e1 desesperada. Ser\u00e1 que algu\u00e9m pode chamar um bombeiro? Algu\u00e9m consegue [&hellip;]<\/p>\n","protected":false},"author":2,"featured_media":29930,"comment_status":"open","ping_status":"open","sticky":false,"template":"","format":"standard","meta":{"footnotes":""},"categories":[185],"tags":[172],"class_list":["post-29929","post","type-post","status-publish","format-standard","has-post-thumbnail","hentry","category-regional","tag-featured"],"amp_enabled":true,"_links":{"self":[{"href":"https:\/\/radiostudiow.com.br\/site\/wp-json\/wp\/v2\/posts\/29929","targetHints":{"allow":["GET"]}}],"collection":[{"href":"https:\/\/radiostudiow.com.br\/site\/wp-json\/wp\/v2\/posts"}],"about":[{"href":"https:\/\/radiostudiow.com.br\/site\/wp-json\/wp\/v2\/types\/post"}],"author":[{"embeddable":true,"href":"https:\/\/radiostudiow.com.br\/site\/wp-json\/wp\/v2\/users\/2"}],"replies":[{"embeddable":true,"href":"https:\/\/radiostudiow.com.br\/site\/wp-json\/wp\/v2\/comments?post=29929"}],"version-history":[{"count":2,"href":"https:\/\/radiostudiow.com.br\/site\/wp-json\/wp\/v2\/posts\/29929\/revisions"}],"predecessor-version":[{"id":29945,"href":"https:\/\/radiostudiow.com.br\/site\/wp-json\/wp\/v2\/posts\/29929\/revisions\/29945"}],"wp:featuredmedia":[{"embeddable":true,"href":"https:\/\/radiostudiow.com.br\/site\/wp-json\/wp\/v2\/media\/29930"}],"wp:attachment":[{"href":"https:\/\/radiostudiow.com.br\/site\/wp-json\/wp\/v2\/media?parent=29929"}],"wp:term":[{"taxonomy":"category","embeddable":true,"href":"https:\/\/radiostudiow.com.br\/site\/wp-json\/wp\/v2\/categories?post=29929"},{"taxonomy":"post_tag","embeddable":true,"href":"https:\/\/radiostudiow.com.br\/site\/wp-json\/wp\/v2\/tags?post=29929"}],"curies":[{"name":"wp","href":"https:\/\/api.w.org\/{rel}","templated":true}]}}