{"id":29932,"date":"2024-11-07T09:55:16","date_gmt":"2024-11-07T12:55:16","guid":{"rendered":"https:\/\/radiostudiow.com.br\/site\/?p=29932"},"modified":"2025-01-31T14:58:15","modified_gmt":"2025-01-31T17:58:15","slug":"chuva-forte-causa-alagamentos-e-transtornos-na-manha-dessa-quinta-feira-07","status":"publish","type":"post","link":"https:\/\/radiostudiow.com.br\/site\/2024\/11\/07\/chuva-forte-causa-alagamentos-e-transtornos-na-manha-dessa-quinta-feira-07\/","title":{"rendered":"Chuva forte causa alagamentos e transtornos na manh\u00e3 dessa quinta-feira (07)"},"content":{"rendered":"\n<p>Uma intensa chuva que caiu sobre a regi\u00e3o durante toda a madrugada desta quinta-feira, 07 de novembro, provocou diversos alagamentos. A previs\u00e3o para hoje e amanh\u00e3 \u00e9 de tempo chuvoso, mas com volume menor do que ocorreu durante essa madrugada.<\/p>\n\n\n\n<figure class=\"wp-block-image size-full\"><img loading=\"lazy\" decoding=\"async\" width=\"598\" height=\"204\" src=\"https:\/\/radiostudiow.com.br\/site\/wp-content\/uploads\/2024\/10\/labirati.png\" alt=\"\" class=\"wp-image-28854\" srcset=\"https:\/\/radiostudiow.com.br\/site\/wp-content\/uploads\/2024\/10\/labirati.png 598w, https:\/\/radiostudiow.com.br\/site\/wp-content\/uploads\/2024\/10\/labirati-300x102.png 300w\" sizes=\"auto, (max-width: 598px) 100vw, 598px\" \/><\/figure>\n\n\n\n<p>Segundo o Simepar, nesta quinta-feira, uma frente fria se forma na altura do Rio Grande do Sul e ao longo do dia, esta avan\u00e7a em dire\u00e7\u00e3o aos&nbsp;outros estados sulistas, refor\u00e7ando a instabilidade sobre o Paran\u00e1. Deste modo, a chuva deve ser melhor distribu\u00edda no estado e o risco para a ocorr\u00eancia de tempestades aumenta.<\/p>\n\n\n\n<p>Na sexta-feira, a&nbsp;frente fria se desloca em dire\u00e7\u00e3o \u00e0 regi\u00e3o Sudeste do Pa\u00eds, mas o sistema de baixa press\u00e3o ainda permanecer\u00e1 pr\u00f3ximo \u00e0 costa do Paran\u00e1, podendo ocasionar tempestades acompanhadas&nbsp;de vento severos entre os Campos Gerais, a RMC e o litoral. Sobre o Norte&nbsp;Pioneiro, noroeste e centro-sul h\u00e1 risco de temporais potencialmente severos.&nbsp;<\/p>\n\n\n\n<h2 class=\"wp-block-heading\">Mallet<\/h2>\n\n\n\n<figure class=\"wp-block-image size-full\"><img loading=\"lazy\" decoding=\"async\" width=\"360\" height=\"640\" src=\"https:\/\/radiostudiow.com.br\/site\/wp-content\/uploads\/2024\/11\/AQOABla-N4FNsP53z1HMnQ5MK89hkHAtgd0voIJKL-TebdVU3FuxsQQUjkwqkhIag2FRwYYOP6BO2xxB8BygfrnN.png\" alt=\"\" class=\"wp-image-29951\" srcset=\"https:\/\/radiostudiow.com.br\/site\/wp-content\/uploads\/2024\/11\/AQOABla-N4FNsP53z1HMnQ5MK89hkHAtgd0voIJKL-TebdVU3FuxsQQUjkwqkhIag2FRwYYOP6BO2xxB8BygfrnN.png 360w, https:\/\/radiostudiow.com.br\/site\/wp-content\/uploads\/2024\/11\/AQOABla-N4FNsP53z1HMnQ5MK89hkHAtgd0voIJKL-TebdVU3FuxsQQUjkwqkhIag2FRwYYOP6BO2xxB8BygfrnN-169x300.png 169w\" sizes=\"auto, (max-width: 360px) 100vw, 360px\" \/><\/figure>\n\n\n\n<figure class=\"wp-block-video\"><video controls src=\"https:\/\/radiostudiow.com.br\/site\/wp-content\/uploads\/2024\/11\/AQOABla-N4FNsP53z1HMnQ5MK89hkHAtgd0voIJKL-TebdVU3FuxsQQUjkwqkhIag2FRwYYOP6BO2xxB8BygfrnN.mp4\"><\/video><\/figure>\n\n\n\n<figure class=\"wp-block-video\"><video height=\"850\" style=\"aspect-ratio: 474 \/ 850;\" width=\"474\" controls src=\"https:\/\/radiostudiow.com.br\/site\/wp-content\/uploads\/2024\/11\/WhatsApp-Video-2024-11-07-at-07.29.43.mp4\"><\/video><\/figure>\n\n\n\n<h2 class=\"wp-block-heading\">Paulo Frontin<\/h2>\n\n\n\n<figure class=\"wp-block-image size-large\"><img decoding=\"async\" src=\"https:\/\/radiostudiow.com.br\/site\/wp-content\/uploads\/2024\/11\/image-33-1024x768.png\" alt=\"\" class=\"wp-image-29933\"\/><\/figure>\n\n\n\n<figure class=\"wp-block-image size-large\"><img loading=\"lazy\" decoding=\"async\" width=\"1024\" height=\"768\" src=\"https:\/\/radiostudiow.com.br\/site\/wp-content\/uploads\/2024\/11\/image-40-1024x768.png\" alt=\"\" class=\"wp-image-29939\" srcset=\"https:\/\/radiostudiow.com.br\/site\/wp-content\/uploads\/2024\/11\/image-40-1024x768.png 1024w, https:\/\/radiostudiow.com.br\/site\/wp-content\/uploads\/2024\/11\/image-40-300x225.png 300w, https:\/\/radiostudiow.com.br\/site\/wp-content\/uploads\/2024\/11\/image-40-768x576.png 768w, https:\/\/radiostudiow.com.br\/site\/wp-content\/uploads\/2024\/11\/image-40.png 1079w\" sizes=\"auto, (max-width: 1024px) 100vw, 1024px\" \/><\/figure>\n\n\n\n<figure class=\"wp-block-image size-full\"><img loading=\"lazy\" decoding=\"async\" width=\"900\" height=\"408\" src=\"https:\/\/radiostudiow.com.br\/site\/wp-content\/uploads\/2024\/09\/image-64-1.png\" alt=\"\" class=\"wp-image-28207\" srcset=\"https:\/\/radiostudiow.com.br\/site\/wp-content\/uploads\/2024\/09\/image-64-1.png 900w, https:\/\/radiostudiow.com.br\/site\/wp-content\/uploads\/2024\/09\/image-64-1-300x136.png 300w, https:\/\/radiostudiow.com.br\/site\/wp-content\/uploads\/2024\/09\/image-64-1-768x348.png 768w\" sizes=\"auto, (max-width: 900px) 100vw, 900px\" \/><\/figure>\n\n\n\n<h2 class=\"wp-block-heading\">\u00c1rvore ca\u00edda em trecho entre S\u00e3o Mateus do Sul e Lapa.<\/h2>\n\n\n\n<p>Uma forte chuva foi registrada em S\u00e3o Mateus do Sul&nbsp;na madrugada e manh\u00e3 desta quinta-feira (7). Segundo informa\u00e7\u00f5es do Instituto Nacional de Meteorologia (Inmet), a cidade registrou&nbsp;63,3 mil\u00edmetros nas \u00faltimas horas.<\/p>\n\n\n\n<p>\u00c1rvore ca\u00edda na regi\u00e3o do Mato Preto, trecho entre S\u00e3o Mateus do Sul e Lapa. Alagamentos no interior de S\u00e3o Mateus do Sul regi\u00e3o do Rio das Pedras.<\/p>\n\n\n\n<figure class=\"wp-block-image size-large\"><img loading=\"lazy\" decoding=\"async\" width=\"819\" height=\"1024\" src=\"https:\/\/radiostudiow.com.br\/site\/wp-content\/uploads\/2024\/11\/image-41-819x1024.png\" alt=\"\" class=\"wp-image-29940\" srcset=\"https:\/\/radiostudiow.com.br\/site\/wp-content\/uploads\/2024\/11\/image-41-819x1024.png 819w, https:\/\/radiostudiow.com.br\/site\/wp-content\/uploads\/2024\/11\/image-41-240x300.png 240w, https:\/\/radiostudiow.com.br\/site\/wp-content\/uploads\/2024\/11\/image-41-768x960.png 768w, https:\/\/radiostudiow.com.br\/site\/wp-content\/uploads\/2024\/11\/image-41.png 1080w\" sizes=\"auto, (max-width: 819px) 100vw, 819px\" \/><\/figure>\n\n\n\n<figure class=\"wp-block-image size-large is-resized\"><img loading=\"lazy\" decoding=\"async\" width=\"819\" height=\"1024\" src=\"https:\/\/radiostudiow.com.br\/site\/wp-content\/uploads\/2024\/11\/image-42-819x1024.png\" alt=\"\" class=\"wp-image-29941\" style=\"width:740px;height:auto\" srcset=\"https:\/\/radiostudiow.com.br\/site\/wp-content\/uploads\/2024\/11\/image-42-819x1024.png 819w, https:\/\/radiostudiow.com.br\/site\/wp-content\/uploads\/2024\/11\/image-42-240x300.png 240w, https:\/\/radiostudiow.com.br\/site\/wp-content\/uploads\/2024\/11\/image-42-768x960.png 768w, https:\/\/radiostudiow.com.br\/site\/wp-content\/uploads\/2024\/11\/image-42.png 1080w\" sizes=\"auto, (max-width: 819px) 100vw, 819px\" \/><\/figure>\n\n\n\n<p>A&nbsp;PR-151, entre \u00c1gua Branca e S\u00e3o Jo\u00e3o do Triunfo.&nbsp;A Pol\u00edcia Rodovi\u00e1ria Estadual n\u00e3o repassou se existe algum bloqueio.<\/p>\n\n\n\n<figure class=\"wp-block-image size-full\"><img loading=\"lazy\" decoding=\"async\" width=\"768\" height=\"1024\" src=\"https:\/\/radiostudiow.com.br\/site\/wp-content\/uploads\/2024\/11\/image-45.png\" alt=\"\" class=\"wp-image-29947\" srcset=\"https:\/\/radiostudiow.com.br\/site\/wp-content\/uploads\/2024\/11\/image-45.png 768w, https:\/\/radiostudiow.com.br\/site\/wp-content\/uploads\/2024\/11\/image-45-225x300.png 225w\" sizes=\"auto, (max-width: 768px) 100vw, 768px\" \/><\/figure>\n\n\n\n<h2 class=\"wp-block-heading\">General Carneiro houve desaparecimento de uma crian\u00e7a arrastada pela correnteza<\/h2>\n\n\n\n<figure class=\"wp-block-video\"><video controls src=\"https:\/\/radiostudiow.com.br\/site\/wp-content\/uploads\/2024\/11\/AQNq9M7ot7HLI-zW5yXIqFwScbM1rRRc0G-a-Rk8IMmX0orjjsKnmHYTLWnQDQ9TCWz4wXaDidhUNSLTvEhTG_tb.mp4\"><\/video><\/figure>\n\n\n\n<figure class=\"wp-block-embed is-type-wp-embed is-provider-studio-w wp-block-embed-studio-w\"><div class=\"wp-block-embed__wrapper\">\n<blockquote class=\"wp-embedded-content\" data-secret=\"dVj5T2QZhs\"><a href=\"https:\/\/radiostudiow.com.br\/site\/2024\/11\/07\/crianca-e-arrastada-pela-correnteza-em-general-carneiro-e-segue-desaparecida\/\">Crian\u00e7a \u00e9 arrastada pela correnteza em General Carneiro e segue desaparecida<\/a><\/blockquote><iframe loading=\"lazy\" class=\"wp-embedded-content\" sandbox=\"allow-scripts\" security=\"restricted\" style=\"position: absolute; visibility: hidden;\" title=\"&#8220;Crian\u00e7a \u00e9 arrastada pela correnteza em General Carneiro e segue desaparecida&#8221; &#8212; Studio W\" src=\"https:\/\/radiostudiow.com.br\/site\/2024\/11\/07\/crianca-e-arrastada-pela-correnteza-em-general-carneiro-e-segue-desaparecida\/embed\/#?secret=ksjWKfxktA#?secret=dVj5T2QZhs\" data-secret=\"dVj5T2QZhs\" width=\"600\" height=\"338\" frameborder=\"0\" marginwidth=\"0\" marginheight=\"0\" scrolling=\"no\"><\/iframe>\n<\/div><\/figure>\n\n\n\n<figure class=\"wp-block-image size-full\"><img loading=\"lazy\" decoding=\"async\" width=\"897\" height=\"204\" src=\"https:\/\/radiostudiow.com.br\/site\/wp-content\/uploads\/2024\/08\/TIJOLAO.png\" alt=\"\" class=\"wp-image-25951\" srcset=\"https:\/\/radiostudiow.com.br\/site\/wp-content\/uploads\/2024\/08\/TIJOLAO.png 897w, https:\/\/radiostudiow.com.br\/site\/wp-content\/uploads\/2024\/08\/TIJOLAO-300x68.png 300w, https:\/\/radiostudiow.com.br\/site\/wp-content\/uploads\/2024\/08\/TIJOLAO-768x175.png 768w\" sizes=\"auto, (max-width: 897px) 100vw, 897px\" \/><\/figure>\n\n\n\n<h2 class=\"wp-block-heading\">Irati<\/h2>\n\n\n\n<p>Com\u00e9rcios das ruas XV de Julho, Munhoz da Rocha e Carlos Thoms estavam inundados, com \u00e1gua dentro dos estabelecimentos, o que resultou em preju\u00edzos significativos para os propriet\u00e1rios. Felizmente, at\u00e9 o momento, n\u00e3o h\u00e1 registros de pessoas resgatadas ou feridas em decorr\u00eancia das chuvas.<\/p>\n\n\n\n<p>Na rua Carlos Thoms, no centro da cidade, uma caminhonete precisou ser i\u00e7ada para evitar que fosse arrastada pelas \u00e1guas do rio que atravessa a via. Outras ruas, como a Munhoz da Rocha, tamb\u00e9m apresentaram alagamentos, dificultando o tr\u00e1fego e comprometendo a circula\u00e7\u00e3o de ve\u00edculos e pedestres.<\/p>\n\n\n\n<p>Por volta das 8h30, a chuva diminuiu e as \u00e1guas come\u00e7aram a escoar. Comerciantes j\u00e1 iniciavam a limpeza dos estabelecimentos afetados. No entanto, o tr\u00e2nsito continuava complicado, com obst\u00e1culos nas vias e buracos que se abriram devido \u00e0 forte precipita\u00e7\u00e3o. O Departamento de Tr\u00e2nsito de Irati (Iratran) montou bloqueios e orientava os motoristas para garantir a seguran\u00e7a nas ruas.<\/p>\n\n\n\n<figure class=\"wp-block-image size-full\"><img loading=\"lazy\" decoding=\"async\" width=\"800\" height=\"600\" src=\"https:\/\/radiostudiow.com.br\/site\/wp-content\/uploads\/2024\/11\/image-43.png\" alt=\"\" class=\"wp-image-29942\" srcset=\"https:\/\/radiostudiow.com.br\/site\/wp-content\/uploads\/2024\/11\/image-43.png 800w, https:\/\/radiostudiow.com.br\/site\/wp-content\/uploads\/2024\/11\/image-43-300x225.png 300w, https:\/\/radiostudiow.com.br\/site\/wp-content\/uploads\/2024\/11\/image-43-768x576.png 768w\" sizes=\"auto, (max-width: 800px) 100vw, 800px\" \/><\/figure>\n\n\n\n<figure class=\"wp-block-image size-full\"><img loading=\"lazy\" decoding=\"async\" width=\"800\" height=\"600\" src=\"https:\/\/radiostudiow.com.br\/site\/wp-content\/uploads\/2024\/11\/image-44.png\" alt=\"\" class=\"wp-image-29943\" srcset=\"https:\/\/radiostudiow.com.br\/site\/wp-content\/uploads\/2024\/11\/image-44.png 800w, https:\/\/radiostudiow.com.br\/site\/wp-content\/uploads\/2024\/11\/image-44-300x225.png 300w, https:\/\/radiostudiow.com.br\/site\/wp-content\/uploads\/2024\/11\/image-44-768x576.png 768w\" sizes=\"auto, (max-width: 800px) 100vw, 800px\" \/><\/figure>\n","protected":false},"excerpt":{"rendered":"<p>Uma intensa chuva que caiu sobre a regi\u00e3o durante toda a madrugada desta quinta-feira, 07 de novembro, provocou diversos alagamentos. A previs\u00e3o para hoje e amanh\u00e3 \u00e9 de tempo chuvoso, mas com volume menor do que ocorreu durante essa madrugada. Segundo o Simepar, nesta quinta-feira, uma frente fria se forma na altura do Rio Grande [&hellip;]<\/p>\n","protected":false},"author":2,"featured_media":29950,"comment_status":"open","ping_status":"open","sticky":false,"template":"","format":"standard","meta":{"footnotes":""},"categories":[185],"tags":[172],"class_list":["post-29932","post","type-post","status-publish","format-standard","has-post-thumbnail","hentry","category-regional","tag-featured"],"amp_enabled":true,"_links":{"self":[{"href":"https:\/\/radiostudiow.com.br\/site\/wp-json\/wp\/v2\/posts\/29932","targetHints":{"allow":["GET"]}}],"collection":[{"href":"https:\/\/radiostudiow.com.br\/site\/wp-json\/wp\/v2\/posts"}],"about":[{"href":"https:\/\/radiostudiow.com.br\/site\/wp-json\/wp\/v2\/types\/post"}],"author":[{"embeddable":true,"href":"https:\/\/radiostudiow.com.br\/site\/wp-json\/wp\/v2\/users\/2"}],"replies":[{"embeddable":true,"href":"https:\/\/radiostudiow.com.br\/site\/wp-json\/wp\/v2\/comments?post=29932"}],"version-history":[{"count":5,"href":"https:\/\/radiostudiow.com.br\/site\/wp-json\/wp\/v2\/posts\/29932\/revisions"}],"predecessor-version":[{"id":29992,"href":"https:\/\/radiostudiow.com.br\/site\/wp-json\/wp\/v2\/posts\/29932\/revisions\/29992"}],"wp:featuredmedia":[{"embeddable":true,"href":"https:\/\/radiostudiow.com.br\/site\/wp-json\/wp\/v2\/media\/29950"}],"wp:attachment":[{"href":"https:\/\/radiostudiow.com.br\/site\/wp-json\/wp\/v2\/media?parent=29932"}],"wp:term":[{"taxonomy":"category","embeddable":true,"href":"https:\/\/radiostudiow.com.br\/site\/wp-json\/wp\/v2\/categories?post=29932"},{"taxonomy":"post_tag","embeddable":true,"href":"https:\/\/radiostudiow.com.br\/site\/wp-json\/wp\/v2\/tags?post=29932"}],"curies":[{"name":"wp","href":"https:\/\/api.w.org\/{rel}","templated":true}]}}