{"id":29961,"date":"2024-11-07T12:10:13","date_gmt":"2024-11-07T15:10:13","guid":{"rendered":"https:\/\/radiostudiow.com.br\/site\/?p=29961"},"modified":"2025-01-31T14:58:15","modified_gmt":"2025-01-31T17:58:15","slug":"crianca-de-3-anos-desaparece-apos-casa-em-que-estava-ser-invadida-por-enxurrada-em-general-carneiro","status":"publish","type":"post","link":"https:\/\/radiostudiow.com.br\/site\/2024\/11\/07\/crianca-de-3-anos-desaparece-apos-casa-em-que-estava-ser-invadida-por-enxurrada-em-general-carneiro\/","title":{"rendered":"Crian\u00e7a de 3 anos desaparece ap\u00f3s casa em que estava ser invadida por enxurrada em General Carneiro"},"content":{"rendered":"\n<p>Uma crian\u00e7a de tr\u00eas anos desapareceu ap\u00f3s ser arrastada por uma enxurrada em&nbsp;General Carneiro, no sul do Paran\u00e1.<\/p>\n\n\n\n<figure class=\"wp-block-image size-full\"><img loading=\"lazy\" decoding=\"async\" width=\"900\" height=\"408\" src=\"https:\/\/radiostudiow.com.br\/site\/wp-content\/uploads\/2024\/09\/image-64-1.png\" alt=\"\" class=\"wp-image-28207\" srcset=\"https:\/\/radiostudiow.com.br\/site\/wp-content\/uploads\/2024\/09\/image-64-1.png 900w, https:\/\/radiostudiow.com.br\/site\/wp-content\/uploads\/2024\/09\/image-64-1-300x136.png 300w, https:\/\/radiostudiow.com.br\/site\/wp-content\/uploads\/2024\/09\/image-64-1-768x348.png 768w\" sizes=\"auto, (max-width: 900px) 100vw, 900px\" \/><\/figure>\n\n\n\n<p>O caso aconteceu na madrugada desta quinta-feira (7) e, desde ent\u00e3o, equipes do Corpo de Bombeiros est\u00e3o fazendo buscas pela v\u00edtima na cidade, que ficou com pontos de alagamento devido a fortes chuvas registradas desde quarta-feira (6).<\/p>\n\n\n\n<p>A corpora\u00e7\u00e3o conta que foi acionada por volta das 2h pelo Posto da Brigada Comunit\u00e1ria de General Carneiro.<\/p>\n\n\n\n<blockquote class=\"wp-block-quote is-layout-flow wp-block-quote-is-layout-flow\">\n<p>\u201cDentre as ocorr\u00eancias que entraram, houve uma relacionada a uma crian\u00e7a de 3 anos, que havia sido levada pela \u00e1gua quando a \u00e1gua atravessou uma casa de madeira. Esta situa\u00e7\u00e3o mant\u00e9m a equipe empenhada na busca de pessoa, pelas margens do pequeno rio que atravessa a cidade\u201d, explicam os bombeiros.<\/p>\n<\/blockquote>\n\n\n\n<figure class=\"wp-block-image size-full\"><img decoding=\"async\" src=\"https:\/\/radiostudiow.com.br\/site\/wp-content\/uploads\/2024\/04\/image-47.png\" alt=\"\" class=\"wp-image-21404\"\/><\/figure>\n\n\n\n<p>As buscas est\u00e3o sendo realizadas por cerca de 60 profissionais nos rios Torino e Jangada, com o aux\u00edlio de barcos e o apoio de equipes de\u00a0Uni\u00e3o da Vit\u00f3ria\u00a0e\u00a0Irati.<\/p>\n\n\n\n<p>O \u201cponto zero\u201d \u00e9 o Centro de Tradi\u00e7\u00f5es Ga\u00fachas (CTG), vizinho da casa da fam\u00edlia da crian\u00e7a desaparecida.<\/p>\n\n\n\n<p>Al\u00e9m da crian\u00e7a desaparecida, outras ocorr\u00eancias foram registradas, como retirada de pessoas de locais inseguros, complementam os bombeiros.<\/p>\n\n\n\n<figure class=\"wp-block-embed is-type-wp-embed is-provider-studio-w wp-block-embed-studio-w\"><div class=\"wp-block-embed__wrapper\">\n<blockquote class=\"wp-embedded-content\" data-secret=\"j6l36UVYb1\"><a href=\"https:\/\/radiostudiow.com.br\/site\/2024\/11\/07\/crianca-e-arrastada-pela-correnteza-em-general-carneiro-e-segue-desaparecida\/\">Crian\u00e7a \u00e9 arrastada pela correnteza em General Carneiro e segue desaparecida<\/a><\/blockquote><iframe loading=\"lazy\" class=\"wp-embedded-content\" sandbox=\"allow-scripts\" security=\"restricted\" style=\"position: absolute; visibility: hidden;\" title=\"&#8220;Crian\u00e7a \u00e9 arrastada pela correnteza em General Carneiro e segue desaparecida&#8221; &#8212; Studio W\" src=\"https:\/\/radiostudiow.com.br\/site\/2024\/11\/07\/crianca-e-arrastada-pela-correnteza-em-general-carneiro-e-segue-desaparecida\/embed\/#?secret=3JT7VObBuM#?secret=j6l36UVYb1\" data-secret=\"j6l36UVYb1\" width=\"600\" height=\"338\" frameborder=\"0\" marginwidth=\"0\" marginheight=\"0\" scrolling=\"no\"><\/iframe>\n<\/div><\/figure>\n","protected":false},"excerpt":{"rendered":"<p>Uma crian\u00e7a de tr\u00eas anos desapareceu ap\u00f3s ser arrastada por uma enxurrada em&nbsp;General Carneiro, no sul do Paran\u00e1. O caso aconteceu na madrugada desta quinta-feira (7) e, desde ent\u00e3o, equipes do Corpo de Bombeiros est\u00e3o fazendo buscas pela v\u00edtima na cidade, que ficou com pontos de alagamento devido a fortes chuvas registradas desde quarta-feira (6). [&hellip;]<\/p>\n","protected":false},"author":2,"featured_media":29962,"comment_status":"open","ping_status":"open","sticky":false,"template":"","format":"standard","meta":{"footnotes":""},"categories":[185],"tags":[172],"class_list":["post-29961","post","type-post","status-publish","format-standard","has-post-thumbnail","hentry","category-regional","tag-featured"],"amp_enabled":true,"_links":{"self":[{"href":"https:\/\/radiostudiow.com.br\/site\/wp-json\/wp\/v2\/posts\/29961","targetHints":{"allow":["GET"]}}],"collection":[{"href":"https:\/\/radiostudiow.com.br\/site\/wp-json\/wp\/v2\/posts"}],"about":[{"href":"https:\/\/radiostudiow.com.br\/site\/wp-json\/wp\/v2\/types\/post"}],"author":[{"embeddable":true,"href":"https:\/\/radiostudiow.com.br\/site\/wp-json\/wp\/v2\/users\/2"}],"replies":[{"embeddable":true,"href":"https:\/\/radiostudiow.com.br\/site\/wp-json\/wp\/v2\/comments?post=29961"}],"version-history":[{"count":2,"href":"https:\/\/radiostudiow.com.br\/site\/wp-json\/wp\/v2\/posts\/29961\/revisions"}],"predecessor-version":[{"id":29964,"href":"https:\/\/radiostudiow.com.br\/site\/wp-json\/wp\/v2\/posts\/29961\/revisions\/29964"}],"wp:featuredmedia":[{"embeddable":true,"href":"https:\/\/radiostudiow.com.br\/site\/wp-json\/wp\/v2\/media\/29962"}],"wp:attachment":[{"href":"https:\/\/radiostudiow.com.br\/site\/wp-json\/wp\/v2\/media?parent=29961"}],"wp:term":[{"taxonomy":"category","embeddable":true,"href":"https:\/\/radiostudiow.com.br\/site\/wp-json\/wp\/v2\/categories?post=29961"},{"taxonomy":"post_tag","embeddable":true,"href":"https:\/\/radiostudiow.com.br\/site\/wp-json\/wp\/v2\/tags?post=29961"}],"curies":[{"name":"wp","href":"https:\/\/api.w.org\/{rel}","templated":true}]}}