{"id":29969,"date":"2024-11-07T17:13:25","date_gmt":"2024-11-07T20:13:25","guid":{"rendered":"https:\/\/radiostudiow.com.br\/site\/?p=29969"},"modified":"2025-01-31T14:58:15","modified_gmt":"2025-01-31T17:58:15","slug":"mulher-e-filha-sao-vitimas-de-amecas-de-morte-em-paulo-frontin","status":"publish","type":"post","link":"https:\/\/radiostudiow.com.br\/site\/2024\/11\/07\/mulher-e-filha-sao-vitimas-de-amecas-de-morte-em-paulo-frontin\/","title":{"rendered":"Mulher e filha s\u00e3o v\u00edtimas de ame\u00e7as de morte em Paulo Frontin"},"content":{"rendered":"\n<p>A equipe da Pol\u00edcia Militar de Paulo Frontin recebeu a informa\u00e7\u00e3o de que na localidade de C\u00e2ndido de Abreu uma senhora juntamente com sua filha foram v\u00edtimas de amea\u00e7a de morte. A situa\u00e7\u00e3o foi registrada por volta das 10:30 horas dessa ter\u00e7a-feira (05).<\/p>\n\n\n\n<figure class=\"wp-block-image size-full\"><img loading=\"lazy\" decoding=\"async\" width=\"598\" height=\"204\" src=\"https:\/\/radiostudiow.com.br\/site\/wp-content\/uploads\/2024\/04\/image-29.png\" alt=\"\" class=\"wp-image-21283\" srcset=\"https:\/\/radiostudiow.com.br\/site\/wp-content\/uploads\/2024\/04\/image-29.png 598w, https:\/\/radiostudiow.com.br\/site\/wp-content\/uploads\/2024\/04\/image-29-300x102.png 300w\" sizes=\"auto, (max-width: 598px) 100vw, 598px\" \/><\/figure>\n\n\n\n<p>De acordo com o relat\u00f3rio pol\u00edcial, as v\u00edtimas relataram que o autor veio at\u00e9 sua resid\u00eancia proferiu amea\u00e7as a ela e sua filha durante a madrugada e causou danos nos vidros de sua resid\u00eancia.<\/p>\n\n\n\n<p>A equipe policial realizou patrulhamento nas redondezas n\u00e3o sendo poss\u00edvel encontrar o autor. Diante da situa\u00e7\u00e3o as v\u00edtimas foram orientadas quanto aos procedimentos cab\u00edveis.<\/p>\n","protected":false},"excerpt":{"rendered":"<p>A equipe da Pol\u00edcia Militar de Paulo Frontin recebeu a informa\u00e7\u00e3o de que na localidade de C\u00e2ndido de Abreu uma senhora juntamente com sua filha foram v\u00edtimas de amea\u00e7a de morte. A situa\u00e7\u00e3o foi registrada por volta das 10:30 horas dessa ter\u00e7a-feira (05). De acordo com o relat\u00f3rio pol\u00edcial, as v\u00edtimas relataram que o autor [&hellip;]<\/p>\n","protected":false},"author":2,"featured_media":21681,"comment_status":"open","ping_status":"open","sticky":false,"template":"","format":"standard","meta":{"footnotes":""},"categories":[2],"tags":[172],"class_list":["post-29969","post","type-post","status-publish","format-standard","has-post-thumbnail","hentry","category-policial","tag-featured"],"amp_enabled":true,"_links":{"self":[{"href":"https:\/\/radiostudiow.com.br\/site\/wp-json\/wp\/v2\/posts\/29969","targetHints":{"allow":["GET"]}}],"collection":[{"href":"https:\/\/radiostudiow.com.br\/site\/wp-json\/wp\/v2\/posts"}],"about":[{"href":"https:\/\/radiostudiow.com.br\/site\/wp-json\/wp\/v2\/types\/post"}],"author":[{"embeddable":true,"href":"https:\/\/radiostudiow.com.br\/site\/wp-json\/wp\/v2\/users\/2"}],"replies":[{"embeddable":true,"href":"https:\/\/radiostudiow.com.br\/site\/wp-json\/wp\/v2\/comments?post=29969"}],"version-history":[{"count":1,"href":"https:\/\/radiostudiow.com.br\/site\/wp-json\/wp\/v2\/posts\/29969\/revisions"}],"predecessor-version":[{"id":29970,"href":"https:\/\/radiostudiow.com.br\/site\/wp-json\/wp\/v2\/posts\/29969\/revisions\/29970"}],"wp:featuredmedia":[{"embeddable":true,"href":"https:\/\/radiostudiow.com.br\/site\/wp-json\/wp\/v2\/media\/21681"}],"wp:attachment":[{"href":"https:\/\/radiostudiow.com.br\/site\/wp-json\/wp\/v2\/media?parent=29969"}],"wp:term":[{"taxonomy":"category","embeddable":true,"href":"https:\/\/radiostudiow.com.br\/site\/wp-json\/wp\/v2\/categories?post=29969"},{"taxonomy":"post_tag","embeddable":true,"href":"https:\/\/radiostudiow.com.br\/site\/wp-json\/wp\/v2\/tags?post=29969"}],"curies":[{"name":"wp","href":"https:\/\/api.w.org\/{rel}","templated":true}]}}