{"id":29971,"date":"2024-11-07T17:18:27","date_gmt":"2024-11-07T20:18:27","guid":{"rendered":"https:\/\/radiostudiow.com.br\/site\/?p=29971"},"modified":"2025-01-31T14:58:15","modified_gmt":"2025-01-31T17:58:15","slug":"mulher-e-vitima-de-violencia-domestica-em-paulo-frontin","status":"publish","type":"post","link":"https:\/\/radiostudiow.com.br\/site\/2024\/11\/07\/mulher-e-vitima-de-violencia-domestica-em-paulo-frontin\/","title":{"rendered":"Mulher \u00e9 v\u00edtima de viol\u00eancia domestica em Paulo Frontin"},"content":{"rendered":"\n<p>A equipe da Pol\u00edcia Militar de Paulo Frontin foi acionada para atender uma situa\u00e7\u00e3o de viol\u00eancia domestica na localidade de Santana por volta das 12:54 horas dessa ter\u00e7a-feira (05).<\/p>\n\n\n\n<figure class=\"wp-block-image size-full\"><img loading=\"lazy\" decoding=\"async\" width=\"897\" height=\"204\" src=\"https:\/\/radiostudiow.com.br\/site\/wp-content\/uploads\/2024\/04\/image-38.png\" alt=\"\" class=\"wp-image-21308\" srcset=\"https:\/\/radiostudiow.com.br\/site\/wp-content\/uploads\/2024\/04\/image-38.png 897w, https:\/\/radiostudiow.com.br\/site\/wp-content\/uploads\/2024\/04\/image-38-300x68.png 300w, https:\/\/radiostudiow.com.br\/site\/wp-content\/uploads\/2024\/04\/image-38-768x175.png 768w\" sizes=\"auto, (max-width: 897px) 100vw, 897px\" \/><\/figure>\n\n\n\n<p>Os pol\u00edciais entraram em contato com a v\u00edtima, ela passou a relatar que seu marido, o qual j\u00e1 teria passagem pela justi\u00e7a por les\u00e3o corporal e descumprimento de medida protetiva, nesta data veio a agredi-la e quebrou seu celular.<\/p>\n\n\n\n<p>Logo em seguida o autor se evadiu do local em um ve\u00edculo. A equipe realizou buscas pela regi\u00e3o, por\u00e9m, o autor at\u00e9 o momento n\u00e3o localizou foi localizado. A v\u00edtima foi ent\u00e3o orientada pelos policiais quanto as medidas cab\u00edveis.<\/p>\n","protected":false},"excerpt":{"rendered":"<p>A equipe da Pol\u00edcia Militar de Paulo Frontin foi acionada para atender uma situa\u00e7\u00e3o de viol\u00eancia domestica na localidade de Santana por volta das 12:54 horas dessa ter\u00e7a-feira (05). Os pol\u00edciais entraram em contato com a v\u00edtima, ela passou a relatar que seu marido, o qual j\u00e1 teria passagem pela justi\u00e7a por les\u00e3o corporal e [&hellip;]<\/p>\n","protected":false},"author":2,"featured_media":21777,"comment_status":"open","ping_status":"open","sticky":false,"template":"","format":"standard","meta":{"footnotes":""},"categories":[2],"tags":[172],"class_list":["post-29971","post","type-post","status-publish","format-standard","has-post-thumbnail","hentry","category-policial","tag-featured"],"amp_enabled":true,"_links":{"self":[{"href":"https:\/\/radiostudiow.com.br\/site\/wp-json\/wp\/v2\/posts\/29971","targetHints":{"allow":["GET"]}}],"collection":[{"href":"https:\/\/radiostudiow.com.br\/site\/wp-json\/wp\/v2\/posts"}],"about":[{"href":"https:\/\/radiostudiow.com.br\/site\/wp-json\/wp\/v2\/types\/post"}],"author":[{"embeddable":true,"href":"https:\/\/radiostudiow.com.br\/site\/wp-json\/wp\/v2\/users\/2"}],"replies":[{"embeddable":true,"href":"https:\/\/radiostudiow.com.br\/site\/wp-json\/wp\/v2\/comments?post=29971"}],"version-history":[{"count":1,"href":"https:\/\/radiostudiow.com.br\/site\/wp-json\/wp\/v2\/posts\/29971\/revisions"}],"predecessor-version":[{"id":29973,"href":"https:\/\/radiostudiow.com.br\/site\/wp-json\/wp\/v2\/posts\/29971\/revisions\/29973"}],"wp:featuredmedia":[{"embeddable":true,"href":"https:\/\/radiostudiow.com.br\/site\/wp-json\/wp\/v2\/media\/21777"}],"wp:attachment":[{"href":"https:\/\/radiostudiow.com.br\/site\/wp-json\/wp\/v2\/media?parent=29971"}],"wp:term":[{"taxonomy":"category","embeddable":true,"href":"https:\/\/radiostudiow.com.br\/site\/wp-json\/wp\/v2\/categories?post=29971"},{"taxonomy":"post_tag","embeddable":true,"href":"https:\/\/radiostudiow.com.br\/site\/wp-json\/wp\/v2\/tags?post=29971"}],"curies":[{"name":"wp","href":"https:\/\/api.w.org\/{rel}","templated":true}]}}